{"id":101,"date":"2013-05-02T20:17:08","date_gmt":"2013-05-02T18:17:08","guid":{"rendered":"http:\/\/engagezvous.com\/site\/?p=101"},"modified":"2014-01-03T02:31:44","modified_gmt":"2014-01-03T01:31:44","slug":"la-medaille-dor-des-droits-de-lhomme-de-la-sydney-peace-foundation-remise-a-titre-posthume-a-stephane-hessel","status":"publish","type":"post","link":"https:\/\/vivelaterre.com\/livres2026\/2013\/05\/la-medaille-dor-des-droits-de-lhomme-de-la-sydney-peace-foundation-remise-a-titre-posthume-a-stephane-hessel\/","title":{"rendered":"La M\u00e9daille d&rsquo;Or des Droits de l&rsquo;homme de la Sydney Peace Foundation remise \u00e0 titre posthume \u00e0 St\u00e9phane Hessel"},"content":{"rendered":"<p><span style=\"font-family: Calibri;\"> <b>Ce jeudi 2 mai 2013, St\u00e9phane Hessel recevra \u00e0 titre posthume la M\u00e9daille d&rsquo;Or des Droits de l&rsquo;homme de la Sydney Peace Foundation<\/b>. Avant lui, cette m\u00e9daille a \u00e9t\u00e9 remise \u00e0 Nelson Mandela, Mary Robinson, Noam Chomsky, Vandana Shiva, Muhammad Yunus&#8230;<\/span><b><span style=\"font-family: Calibri; font-size: small;\"><br \/>\n<\/span><\/b><span style=\"font-family: Calibri; font-size: small;\"> <a href=\"http:\/\/sydneypeacefoundation.org.au\/in-honour-of-outrage\/\"> <span style=\"font-size: small;\">&gt; en savoir +<\/span><\/a><\/span><\/p>\n<div id=\"attachment_102\" style=\"width: 730px\" class=\"wp-caption alignnone\"><a href=\"http:\/\/engagezvous.com\/site\/wp-content\/uploads\/2013\/11\/SydneyPeaceFoundation2.jpg\"><img fetchpriority=\"high\" decoding=\"async\" aria-describedby=\"caption-attachment-102\" class=\"size-full wp-image-102\" alt=\"Madam Christiane Hessel Chabry with Ambassador Ric Wells and Professor Stuart Rees \" src=\"http:\/\/engagezvous.com\/site\/wp-content\/uploads\/2013\/11\/SydneyPeaceFoundation2.jpg\" width=\"720\" height=\"478\" \/><\/a><p id=\"caption-attachment-102\" class=\"wp-caption-text\">Madam Christiane Hessel Chabry with Ambassador Ric Wells and Professor Stuart Rees<\/p><\/div>\n<p><span style=\"font-size: small;\">\u00a0<\/span><\/p>\n","protected":false},"excerpt":{"rendered":"<p>Ce jeudi 2 mai 2013, St\u00e9phane Hessel recevra \u00e0 titre posthume la M\u00e9daille d&rsquo;Or des Droits de l&rsquo;homme de la Sydney Peace Foundation. Avant lui, cette m\u00e9daille a \u00e9t\u00e9 remise \u00e0 Nelson Mandela, Mary Robinson, Noam Chomsky, Vandana Shiva, Muhammad Yunus&#8230; &gt; en savoir + \u00a0<\/p>\n","protected":false},"author":1,"featured_media":7422,"comment_status":"open","ping_status":"open","sticky":false,"template":"","format":"standard","meta":{"_acf_changed":false,"footnotes":""},"categories":[78],"tags":[],"class_list":["post-101","post","type-post","status-publish","format-standard","has-post-thumbnail","hentry","category-stephane-hessel"],"acf":[],"_links":{"self":[{"href":"https:\/\/vivelaterre.com\/livres2026\/wp-json\/wp\/v2\/posts\/101","targetHints":{"allow":["GET"]}}],"collection":[{"href":"https:\/\/vivelaterre.com\/livres2026\/wp-json\/wp\/v2\/posts"}],"about":[{"href":"https:\/\/vivelaterre.com\/livres2026\/wp-json\/wp\/v2\/types\/post"}],"author":[{"embeddable":true,"href":"https:\/\/vivelaterre.com\/livres2026\/wp-json\/wp\/v2\/users\/1"}],"replies":[{"embeddable":true,"href":"https:\/\/vivelaterre.com\/livres2026\/wp-json\/wp\/v2\/comments?post=101"}],"version-history":[{"count":1,"href":"https:\/\/vivelaterre.com\/livres2026\/wp-json\/wp\/v2\/posts\/101\/revisions"}],"predecessor-version":[{"id":7309,"href":"https:\/\/vivelaterre.com\/livres2026\/wp-json\/wp\/v2\/posts\/101\/revisions\/7309"}],"wp:featuredmedia":[{"embeddable":true,"href":"https:\/\/vivelaterre.com\/livres2026\/wp-json\/wp\/v2\/media\/7422"}],"wp:attachment":[{"href":"https:\/\/vivelaterre.com\/livres2026\/wp-json\/wp\/v2\/media?parent=101"}],"wp:term":[{"taxonomy":"category","embeddable":true,"href":"https:\/\/vivelaterre.com\/livres2026\/wp-json\/wp\/v2\/categories?post=101"},{"taxonomy":"post_tag","embeddable":true,"href":"https:\/\/vivelaterre.com\/livres2026\/wp-json\/wp\/v2\/tags?post=101"}],"curies":[{"name":"wp","href":"https:\/\/api.w.org\/{rel}","templated":true}]}}