{"id":109,"date":"2013-10-23T10:30:21","date_gmt":"2013-10-23T08:30:21","guid":{"rendered":"http:\/\/engagezvous.com\/site\/?p=109"},"modified":"2014-01-17T01:11:43","modified_gmt":"2014-01-17T00:11:43","slug":"jeunes-ne-vous-resignez-pas","status":"publish","type":"post","link":"https:\/\/vivelaterre.com\/livres2026\/2013\/10\/jeunes-ne-vous-resignez-pas\/","title":{"rendered":"\u00ab\u00a0Jeunes, ne vous r\u00e9signez pas !\u00a0\u00bb la tribune de Gilles Vanderpooten dans l&rsquo;Humanit\u00e9"},"content":{"rendered":"<h1><span style=\"font-family: Calibri;\">Jeunes, ne vous r\u00e9signez pas\u2009!<\/span><\/h1>\n<h2><span style=\"font-family: Calibri;\">Par Gilles Vanderpooten, 26 ans, responsable associatif \u00e0 Reporters d\u2019Espoirs (*) et coauteur avec St\u00e9phane Hessel du livre \u00ab\u00a0Engagez-vous !\u00a0\u00bb<\/span><\/h2>\n<p>&nbsp;<\/p>\n<h2><strong><span style=\"font-family: Calibri;\"> Les jeunes, non ne vous barrez pas\u2026 Engagez-vous\u2009!<\/span><\/strong><\/h2>\n<p><span style=\"font-family: Calibri;\"> C\u2019est vrai, les motifs d\u2019indignation ne manquent pas. Oui, les hi\u00e9rarchies scl\u00e9rosantes, les pol\u00e9miques st\u00e9riles et le double discours, la d\u00e9fense des int\u00e9r\u00eats particuliers, le cynisme de ceux qui refusent de contribuer \u00e0 la solidarit\u00e9 collective, la difficult\u00e9 de nos \u00e9lites \u00e0 formuler une vision d\u2019avenir\u2026 tout cela nous indigne et doit continuer \u00e0 nous indigner. Sachons dire non. D\u00e9noncer. Protester. R\u00e9sister. D\u00e9sob\u00e9ir parfois. Doit-on pour autant sombrer dans le pessimisme\u2009? Nous sentir d\u00e9sarm\u00e9s, crier \u00e0 l\u2019injustice, au d\u00e9clin, et fuir\u2009? Trop facile\u2009!<\/span><\/p>\n<p>&nbsp;<\/p>\n<p><span style=\"font-family: Calibri;\"> \u00c0 nous de d\u00e9crypter, nous insurger, faire pression, pour que les id\u00e9es nouvelles et l\u2019int\u00e9r\u00eat g\u00e9n\u00e9ral triomphent. Nos \u00e9lites ne parviennent pas \u00e0 envisager un avenir qui soit diff\u00e9rent du pr\u00e9sent\u2009? Et bien construisons-le\u2009! \u00c0 nous de dire oui. D\u2019agir. De prendre part \u00e0 \u00ab\u202fl\u2019insurrection pacifique\u202f\u00bb et de mettre en \u0153uvre des solutions et des alternatives concr\u00e8tes \u00e0 ce monde qui ne nous convient pas.<\/span><\/p>\n<p>&nbsp;<\/p>\n<p><span style=\"font-family: Calibri;\"> Notre jeunesse, notre \u00e9nergie, notre enthousiasme, nous pouvons aussi les employer \u00e0 faire bouger notre pays, cr\u00e9er, innover, proposer et mettre en \u0153uvre des actions constructives. Sans na\u00efvet\u00e9 mais sans rel\u00e2che. Et en coop\u00e9ration avec nos a\u00een\u00e9s. Car ils peuvent aussi nous stimuler, nous enthousiasmer, comme en t\u00e9moigne la formidable \u00e9nergie d\u00e9ploy\u00e9e par St\u00e9phane Hessel dont le message interpelle et stimule les jeunes dans le monde. Il y a dans l\u2019indignation qui nous anime une formidable \u00e9nergie \u00e0 canaliser dans l\u2019action et l\u2019engagement constructifs.<\/span><\/p>\n<p>&nbsp;<\/p>\n<p><span style=\"font-family: Calibri;\"> Engagez-vous\u2009! Engageons-nous\u2009! O\u00f9 sont les alternatives\u2009? O\u00f9 est la vision d\u2019avenir\u2009? O\u00f9 est la cr\u00e9ativit\u00e9\u2009? En partie sous nos yeux. Partout autour de nous, en France et dans le monde, fleurissent des initiatives qui peuvent nous inspirer. Des femmes et des hommes de toutes g\u00e9n\u00e9rations, individuellement et collectivement, mettent en \u0153uvre des initiatives dignes d\u2019int\u00e9r\u00eat, cr\u00e9atrices d\u2019emploi et de sens, solidaires, respectueuses de l\u2019environnement. Ils nous incitent \u00e0 agir, maintenant\u2009! Une voie nouvelle est possible. Elle \u00e9merge. Elle est l\u00e0.<\/span><\/p>\n<p><span style=\"font-family: Calibri;\"> Des entreprises o\u00f9 les hommes et les id\u00e9es priment sur les profits, et o\u00f9 le souci de l\u2019environnement est concr\u00e8tement int\u00e9gr\u00e9 (\u00e9conomie circulaire o\u00f9 les d\u00e9chets des uns sont les ressources des autres, \u00e9coconception, biomim\u00e9tisme\u2026).<\/span><\/p>\n<p><span style=\"font-family: Calibri;\"> Des agriculteurs et des chercheurs soucieux de la qualit\u00e9 et de l\u2019impact de l\u2019agriculture sur les \u00e9cosyst\u00e8mes et sur la sant\u00e9 des hommes et qui trouvent l\u00e0 une nouvelle dynamique (alternatives naturelles aux pesticides, agriculture bio et raisonn\u00e9e, Amap\u2026).<\/span><\/p>\n<p><span style=\"font-family: Calibri;\"> Une \u00e9conomie sociale et solidaire dans laquelle les salari\u00e9s et les individus peuvent g\u00e9rer ensemble la richesse produite collectivement (coop\u00e9ratives, entreprises \u00e0 finalit\u00e9 sociale).<\/span><\/p>\n<p><span style=\"font-family: Calibri;\"> Des collectivit\u00e9s dans lesquelles les citoyens ont leur mot \u00e0 dire et qui agissent pour mieux vivre ensemble (\u00e9coquartiers, villes en transition, nouveaux mod\u00e8les \u00e9nerg\u00e9tiques\u2026).<\/span><\/p>\n<p><span style=\"font-family: Calibri;\"> Des banques qui financent des projets locaux \u00e0 caract\u00e8re social et \u00e9cologique.<\/span><\/p>\n<p><span style=\"font-family: Calibri;\"> Des \u00ab\u202ftalents des cit\u00e9s\u202f\u00bb qui t\u00e9moignent que les \u00ab\u202fjeunes de banlieue\u202f\u00bb aussi sont actifs et cr\u00e9atifs<\/span><\/p>\n<p><span style=\"font-family: Calibri;\"> Des associations et des citoyens qui se mobilisent pour s\u2019entraider, partager, cr\u00e9er du lien, favoriser les \u00e9changes locaux, \u00eatre autonomes en \u00e9nergie tout en continuant \u00e0 s\u2019ouvrir aux autres (monnaies locales, locavorisme, circuits courts), favoriser le vivre ensemble, sans attendre le temps du politique ou des grandes structures<\/span><\/p>\n<p><span style=\"font-family: Calibri;\"> Des innovations num\u00e9riques utiles et constructives qui permettent de s\u2019autonomiser et de coop\u00e9rer (plates-formes collaboratives, crowdfunding)\u2026 et bien d\u2019autres encore, existantes et \u00e0 inventer.<\/span><\/p>\n<p>&nbsp;<\/p>\n<p><span style=\"font-family: Calibri;\"> Le changement n\u2019est plus le lot de quelques utopistes. Il est r\u00e9el et en cours. Ne nous r\u00e9signons pas. Ne nous barrons pas non plus. Incarnons-le.<\/span><\/p>\n<p><span style=\"font-family: Calibri;\"> \u00a0<\/span><\/p>\n<p><i> <span style=\"font-family: Calibri;\">(*) Coauteur d\u2019Engagez-vous\u2009! avec St\u00e9phane Hessel (\u00c9ditions de l\u2019Aube), coauteur de l\u2019Entrepreneur et l\u2019Indign\u00e9, avec Philippe Hayat et Jeanne Dussueil (\u00e9ditions Ellipses).<\/span><\/i><\/p>\n<p>&nbsp;<\/p>\n<p><i> <span style=\"font-family: Calibri;\"> <a href=\"http:\/\/www.humanite.fr\/tribunes\/jeunes-ne-vous-resignez-pas-506942\"> Tribune parue dans L&rsquo;Humanit\u00e9 du 23 octobre 2013<br \/>\nhttp:\/\/www.humanite.fr\/tribunes\/jeunes-ne-vous-resignez-pas-506942<\/a> <\/span><\/i><\/p>\n","protected":false},"excerpt":{"rendered":"<p>Jeunes, ne vous r\u00e9signez pas\u2009! Par Gilles Vanderpooten, 26 ans, responsable associatif \u00e0 Reporters d\u2019Espoirs (*) et coauteur avec St\u00e9phane Hessel du livre \u00ab\u00a0Engagez-vous !\u00a0\u00bb &nbsp; Les jeunes, non ne vous barrez pas\u2026 Engagez-vous\u2009! C\u2019est vrai, les motifs d\u2019indignation ne manquent pas. Oui, les hi\u00e9rarchies scl\u00e9rosantes, les pol\u00e9miques st\u00e9riles et le double discours, la d\u00e9fense [&hellip;]<\/p>\n","protected":false},"author":1,"featured_media":7589,"comment_status":"open","ping_status":"open","sticky":false,"template":"","format":"standard","meta":{"_acf_changed":false,"footnotes":""},"categories":[76,79],"tags":[175],"class_list":["post-109","post","type-post","status-publish","format-standard","has-post-thumbnail","hentry","category-dans-les-medias","category-tribunes","tag-tribunes"],"acf":[],"_links":{"self":[{"href":"https:\/\/vivelaterre.com\/livres2026\/wp-json\/wp\/v2\/posts\/109","targetHints":{"allow":["GET"]}}],"collection":[{"href":"https:\/\/vivelaterre.com\/livres2026\/wp-json\/wp\/v2\/posts"}],"about":[{"href":"https:\/\/vivelaterre.com\/livres2026\/wp-json\/wp\/v2\/types\/post"}],"author":[{"embeddable":true,"href":"https:\/\/vivelaterre.com\/livres2026\/wp-json\/wp\/v2\/users\/1"}],"replies":[{"embeddable":true,"href":"https:\/\/vivelaterre.com\/livres2026\/wp-json\/wp\/v2\/comments?post=109"}],"version-history":[{"count":4,"href":"https:\/\/vivelaterre.com\/livres2026\/wp-json\/wp\/v2\/posts\/109\/revisions"}],"predecessor-version":[{"id":7590,"href":"https:\/\/vivelaterre.com\/livres2026\/wp-json\/wp\/v2\/posts\/109\/revisions\/7590"}],"wp:featuredmedia":[{"embeddable":true,"href":"https:\/\/vivelaterre.com\/livres2026\/wp-json\/wp\/v2\/media\/7589"}],"wp:attachment":[{"href":"https:\/\/vivelaterre.com\/livres2026\/wp-json\/wp\/v2\/media?parent=109"}],"wp:term":[{"taxonomy":"category","embeddable":true,"href":"https:\/\/vivelaterre.com\/livres2026\/wp-json\/wp\/v2\/categories?post=109"},{"taxonomy":"post_tag","embeddable":true,"href":"https:\/\/vivelaterre.com\/livres2026\/wp-json\/wp\/v2\/tags?post=109"}],"curies":[{"name":"wp","href":"https:\/\/api.w.org\/{rel}","templated":true}]}}