{"id":48,"date":"2013-03-01T00:26:45","date_gmt":"2013-02-28T23:26:45","guid":{"rendered":"http:\/\/engagezvous.com\/site\/?p=48"},"modified":"2013-03-01T00:26:45","modified_gmt":"2013-02-28T23:26:45","slug":"hommage-a-stephane-hessel","status":"publish","type":"post","link":"https:\/\/vivelaterre.com\/livres2026\/2013\/03\/hommage-a-stephane-hessel\/","title":{"rendered":"Hommage \u00e0 St\u00e9phane Hessel"},"content":{"rendered":"<p>Gr\u00e2ce \u00e0 lui, nous sommes nombreux en France et dans le monde \u00e0 avoir trouv\u00e9 l&rsquo;esp\u00e9rance et l&rsquo;inspiration dont nous avons besoin pour affronter les d\u00e9fis de notre temps, et passer \u00e0 l&rsquo;action.<br \/>\n\u00ab\u00a0Gare \u00e0 l&rsquo;avenir et vive l&rsquo;avenir! Ne sous-estimons pas les dangers, et sachons en m\u00eame temps que tout danger peut \u00eatre confront\u00e9 et surmont\u00e9\u00a0\u00bb nous disait St\u00e9phane Hessel, enjoignant la jeune g\u00e9n\u00e9ration \u00e0 trouver son engagement, \u00e0 s&rsquo;indigner et \u00e0 construire.<br \/>\nMerci St\u00e9phane d&rsquo;avoir tant donn\u00e9.<br \/>\nGilles Vanderpooten<\/p>\n<p><em><\/em>[quote]<em>Vienne la nuit sonne l&rsquo;heure<\/em><br \/>\n<em> Les jours s&rsquo;en vont je demeure.<\/em>[\/quote]\nGuillaume Apollinaire<\/p>\n","protected":false},"excerpt":{"rendered":"<p>Gr\u00e2ce \u00e0 lui, nous sommes nombreux en France et dans le monde \u00e0 avoir trouv\u00e9 l&rsquo;esp\u00e9rance et l&rsquo;inspiration dont nous avons besoin pour affronter les d\u00e9fis de notre temps, et passer \u00e0 l&rsquo;action. \u00ab\u00a0Gare \u00e0 l&rsquo;avenir et vive l&rsquo;avenir! Ne sous-estimons pas les dangers, et sachons en m\u00eame temps que tout danger peut \u00eatre confront\u00e9 [&hellip;]<\/p>\n","protected":false},"author":1,"featured_media":0,"comment_status":"open","ping_status":"open","sticky":false,"template":"","format":"standard","meta":{"_acf_changed":false,"footnotes":""},"categories":[77],"tags":[],"class_list":["post-48","post","type-post","status-publish","format-standard","hentry","category-hommage"],"acf":[],"_links":{"self":[{"href":"https:\/\/vivelaterre.com\/livres2026\/wp-json\/wp\/v2\/posts\/48","targetHints":{"allow":["GET"]}}],"collection":[{"href":"https:\/\/vivelaterre.com\/livres2026\/wp-json\/wp\/v2\/posts"}],"about":[{"href":"https:\/\/vivelaterre.com\/livres2026\/wp-json\/wp\/v2\/types\/post"}],"author":[{"embeddable":true,"href":"https:\/\/vivelaterre.com\/livres2026\/wp-json\/wp\/v2\/users\/1"}],"replies":[{"embeddable":true,"href":"https:\/\/vivelaterre.com\/livres2026\/wp-json\/wp\/v2\/comments?post=48"}],"version-history":[{"count":0,"href":"https:\/\/vivelaterre.com\/livres2026\/wp-json\/wp\/v2\/posts\/48\/revisions"}],"wp:attachment":[{"href":"https:\/\/vivelaterre.com\/livres2026\/wp-json\/wp\/v2\/media?parent=48"}],"wp:term":[{"taxonomy":"category","embeddable":true,"href":"https:\/\/vivelaterre.com\/livres2026\/wp-json\/wp\/v2\/categories?post=48"},{"taxonomy":"post_tag","embeddable":true,"href":"https:\/\/vivelaterre.com\/livres2026\/wp-json\/wp\/v2\/tags?post=48"}],"curies":[{"name":"wp","href":"https:\/\/api.w.org\/{rel}","templated":true}]}}