{"id":52,"date":"2013-10-31T00:31:10","date_gmt":"2013-10-30T23:31:10","guid":{"rendered":"http:\/\/engagezvous.com\/site\/?p=52"},"modified":"2013-12-29T15:09:54","modified_gmt":"2013-12-29T14:09:54","slug":"stephane-hessel-irresistible-optimiste-lancement-du-livre","status":"publish","type":"post","link":"https:\/\/vivelaterre.com\/livres2026\/2013\/10\/stephane-hessel-irresistible-optimiste-lancement-du-livre\/","title":{"rendered":"\u00ab\u00a0St\u00e9phane Hessel, Irr\u00e9sistible optimiste\u00a0\u00bb : lancement du livre \u00e0 la Maison de l&rsquo;Am\u00e9rique Latine (Paris)"},"content":{"rendered":"<p><span style=\"font-family: Calibri;\"><a href=\"http:\/\/vivelaterre.com\/livres2026\/wp-content\/uploads\/2013\/10\/COUV_DEF.jpg\"><img fetchpriority=\"high\" decoding=\"async\" class=\"size-medium wp-image-7336 alignleft\" style=\"margin-left: 15px; margin-right: 15px;\" alt=\"COUV_DEF\" src=\"http:\/\/vivelaterre.com\/livres2026\/wp-content\/uploads\/2013\/10\/COUV_DEF-193x300.jpg\" width=\"193\" height=\"300\" srcset=\"https:\/\/vivelaterre.com\/livres2026\/wp-content\/uploads\/2013\/10\/COUV_DEF-193x300.jpg 193w, https:\/\/vivelaterre.com\/livres2026\/wp-content\/uploads\/2013\/10\/COUV_DEF-600x932.jpg 600w, https:\/\/vivelaterre.com\/livres2026\/wp-content\/uploads\/2013\/10\/COUV_DEF.jpg 459w\" sizes=\"(max-width: 193px) 100vw, 193px\" \/><\/a>Lundi 21 octobre 2013, Christiane Hessel et Gilles Vanderpooten ont lanc\u00e9 l&rsquo;ouvrage \u00ab\u00a0St\u00e9phane Hessel, Irr\u00e9sistible optimiste\u00a0\u00bb \u00e0 la Maison de l&rsquo;Am\u00e9rique Latine (Paris), avec Edgar Morin, R\u00e9gis Debray, Martine Brousse, Marylise Lebranchu, Louis Joinet, Sacha Goldman, Guy Bedos&#8230;<br \/>\nUne soir\u00e9e anim\u00e9e par Edwy Plenel, \u00e0 l&rsquo;occasion du 96e anniversaire de la naissance, et de l&rsquo;inauguration de la place St\u00e9phane Hessel ce m\u00eame jour. A l&rsquo;invitation de Fran\u00e7ois Vitrani, directeur de la Maison de l&rsquo;Am\u00e9rique Latine.<br \/>\n<\/span><\/p>\n","protected":false},"excerpt":{"rendered":"<p>Lundi 21 octobre 2013, Christiane Hessel et Gilles Vanderpooten ont lanc\u00e9 l&rsquo;ouvrage \u00ab\u00a0St\u00e9phane Hessel, Irr\u00e9sistible optimiste\u00a0\u00bb \u00e0 la Maison de l&rsquo;Am\u00e9rique Latine (Paris), avec Edgar Morin, R\u00e9gis Debray, Martine Brousse, Marylise Lebranchu, Louis Joinet, Sacha Goldman, Guy Bedos&#8230; Une soir\u00e9e anim\u00e9e par Edwy Plenel, \u00e0 l&rsquo;occasion du 96e anniversaire de la naissance, et de l&rsquo;inauguration [&hellip;]<\/p>\n","protected":false},"author":1,"featured_media":7336,"comment_status":"open","ping_status":"open","sticky":false,"template":"","format":"standard","meta":{"_acf_changed":false,"footnotes":""},"categories":[75,78],"tags":[],"class_list":["post-52","post","type-post","status-publish","format-standard","has-post-thumbnail","hentry","category-rendez-vous","category-stephane-hessel"],"acf":[],"_links":{"self":[{"href":"https:\/\/vivelaterre.com\/livres2026\/wp-json\/wp\/v2\/posts\/52","targetHints":{"allow":["GET"]}}],"collection":[{"href":"https:\/\/vivelaterre.com\/livres2026\/wp-json\/wp\/v2\/posts"}],"about":[{"href":"https:\/\/vivelaterre.com\/livres2026\/wp-json\/wp\/v2\/types\/post"}],"author":[{"embeddable":true,"href":"https:\/\/vivelaterre.com\/livres2026\/wp-json\/wp\/v2\/users\/1"}],"replies":[{"embeddable":true,"href":"https:\/\/vivelaterre.com\/livres2026\/wp-json\/wp\/v2\/comments?post=52"}],"version-history":[{"count":3,"href":"https:\/\/vivelaterre.com\/livres2026\/wp-json\/wp\/v2\/posts\/52\/revisions"}],"predecessor-version":[{"id":7340,"href":"https:\/\/vivelaterre.com\/livres2026\/wp-json\/wp\/v2\/posts\/52\/revisions\/7340"}],"wp:featuredmedia":[{"embeddable":true,"href":"https:\/\/vivelaterre.com\/livres2026\/wp-json\/wp\/v2\/media\/7336"}],"wp:attachment":[{"href":"https:\/\/vivelaterre.com\/livres2026\/wp-json\/wp\/v2\/media?parent=52"}],"wp:term":[{"taxonomy":"category","embeddable":true,"href":"https:\/\/vivelaterre.com\/livres2026\/wp-json\/wp\/v2\/categories?post=52"},{"taxonomy":"post_tag","embeddable":true,"href":"https:\/\/vivelaterre.com\/livres2026\/wp-json\/wp\/v2\/tags?post=52"}],"curies":[{"name":"wp","href":"https:\/\/api.w.org\/{rel}","templated":true}]}}