{"id":54,"date":"2013-10-31T00:33:27","date_gmt":"2013-10-30T23:33:27","guid":{"rendered":"http:\/\/engagezvous.com\/site\/?p=54"},"modified":"2014-01-03T02:28:14","modified_gmt":"2014-01-03T01:28:14","slug":"stephane-hessel-hommage-jeune-afrique","status":"publish","type":"post","link":"https:\/\/vivelaterre.com\/livres2026\/2013\/10\/stephane-hessel-hommage-jeune-afrique\/","title":{"rendered":"Hommage \u00e0 St\u00e9phane Hessel, r\u00e9sistant, diplomate et po\u00e8te (Jeune Afrique)"},"content":{"rendered":"<p><em>Par Youssef A\u00eft akdim, Jeune Afrique, 29\/10\/2013 \u00e0 18:35<\/em><\/p>\n<div><\/div>\n<p>Disparu le 27\u00a0f\u00e9vrier, l&rsquo;auteur d'\u00a0\u00bbIndignez-vous\u00a0\u00bb ! aurait eu 96 ans le 21\u00a0octobre. Ses amis se sont retrouv\u00e9s \u00e0 cette occasion&#8230;<\/p>\n<p>\u00c0 la question \u00ab\u00a0Quelle \u00e9pitaphe pour r\u00e9sumer votre vie ?\u00a0\u00bb <a href=\"http:\/\/www.jeuneafrique.com\/Article\/ARTJAWEB20130227104036\/\" target=\"_blank\">St\u00e9phane Hessel<\/a> avait une r\u00e9ponse : \u00ab\u00a0Ci-g\u00eet un homme heureux, et qui remercie la vie.\u00a0\u00bb Cette anecdote, et bien d&rsquo;autres, figure dans le livre de t\u00e9moignages que vient de publier Gilles Vanderpooten (<em>St\u00e9phane Hessel, irr\u00e9sistible optimiste<\/em>, \u00e9d. de l&rsquo;Aube, octobre\u00a02013.) pour le 96e anniversaire de la naissance de l&rsquo;auteur d&rsquo;Indignez-vous ! \u00c0 l&rsquo;occasion de la parution de cet ouvrage et de la projection d&rsquo;un documentaire, ses amis se sont r\u00e9unis le 21\u00a0octobre \u00e0 la Maison de l&rsquo;Am\u00e9rique latine, \u00e0 Paris.<\/p>\n<p>Le m\u00eame jour, une place au nom de St\u00e9phane Hessel a \u00e9t\u00e9 inaugur\u00e9e dans le 14e arrondissement, en pr\u00e9sence de Bertrand Delano\u00eb, le maire de Paris, et de quelques VIP : Christiane Hessel, bien s\u00fbr, la veuve du grand homme, Pascal Cherki, le maire de l&rsquo;arrondissement, Le\u00efla Chahid, l&rsquo;ambassadrice de la Palestine \u00e0 Bruxelles, <a href=\"http:\/\/www.jeuneafrique.com\/Videos\/89\/\" target=\"_blank\">Souhayr Belhassen<\/a>, ancienne pr\u00e9sidente de la <a href=\"http:\/\/www.jeuneafrique.com\/tags\/6042\/\" target=\"_blank\">F\u00e9d\u00e9ration internationale des ligues des droits de l&rsquo;homme (FIDH)<\/a>, le com\u00e9dien Guy Bedos, le philosophe Edgar Morin, Yves Gu\u00e9na, ancien pr\u00e9sident de l&rsquo;Institut du monde arabe, Jean-Pierre Dubois, pr\u00e9sident d&rsquo;honneur de la Ligue des droits de l&rsquo;homme, et bien d&rsquo;autres.<\/p>\n<p><strong>Sur la plaque d\u00e9voil\u00e9e<\/strong> par Bertrand Delano\u00eb, on peut lire : \u00ab\u00a0Place St\u00e9phane-Hessel (1917-2013), ambassadeur de France, r\u00e9sistant, d\u00e9port\u00e9, d\u00e9fenseur des droits de l&rsquo;homme\u00a0\u00bb. On aurait pu ajouter : \u00ab\u00a0po\u00e8te \u00e0 ses heures perdues\u00a0\u00bb. Au mois de mars, l&rsquo;\u00e9crivain et journaliste Jean Lacouture a rendu dans Jeune Afrique <a href=\"http:\/\/www.jeuneafrique.com\/Article\/JA2721p058_059_01.xml0\/\" target=\"_blank\">un hommage \u00e0 son ami St\u00e9phane Hessel<\/a>. Il y a rappel\u00e9 ce trait de la personnalit\u00e9 de l&rsquo;ancien r\u00e9sistant qui a marqu\u00e9 tous ceux qui l&rsquo;ont c\u00f4toy\u00e9 : il \u00e9tait un grand amateur de po\u00e9sie, un amateur g\u00e9n\u00e9reux. Il avait coutume d&rsquo;accueillir ses visiteurs de sa belle voix grave, aux inflexions si caract\u00e9ristiques : \u00ab\u00a0Ah, mes amis, quel plaisir de vous revoir ! Un petit Rimbaud ?\u00a0\u00bb<\/p>\n<p><img fetchpriority=\"high\" decoding=\"async\" alt=\"Place St\u00e9phane-Hessel. Dr g. \u00e0 dr. : Bertrand Delano\u00eb, Anne Hidalgo et Christiane Hessel.\" src=\"http:\/\/www.jeuneafrique.com\/photos\/102013\/028102013142401000000JA2755p074.jpg\" width=\"350\" height=\"200\" \/><br \/>\nInauguration de la place St\u00e9phane Hessel, le 21 octobre.<br \/>\nDe g. \u00e0 dr. Bertrand Delano\u00eb ; maire de Paris, Anne Hidalgo,<br \/>\npremi\u00e8re adjointe et Christiane, veuve du disparu. \u00a9 <em>Vincent Fournier pour J.A.<\/em><\/p>\n<p>L&rsquo;un de ses compagnons de route, l&rsquo;ing\u00e9nieur Thierry Salomon, se souvient d&rsquo;un voyage en avion qui les ramenait d&rsquo;une mission de dialogue et de r\u00e9conciliation au Burundi : \u00ab\u00a0\u00c0 9 000\u00a0m d&rsquo;altitude [&#8230;], un jeune homme tout juste octog\u00e9naire se mit alors \u00e0 r\u00e9citer, sans une once d&rsquo;h\u00e9sitation, son petit Rimbaud, les cent vingt-huit vers du Bateau ivre.\u00a0\u00bb C&rsquo;est \u00e0 ce r\u00e9sistant iconoclaste, normalien et fils de po\u00e8te que l&rsquo;on doit certaines fulgurances aux heures sombres de l&rsquo;Occupation de la France. Toute sa vie, Hessel a d\u00e9velopp\u00e9 un go\u00fbt du bon mot qui, par exemple, lui a permis de tenir le coup \u00e0 Buchenwald. Il est l&rsquo;auteur de certains des messages cod\u00e9s que la BBC diffusait pendant la Seconde Guerre mondiale \u00e0 l&rsquo;intention des combattants sur le terrain : \u00ab\u00a0la lune est pleine d&rsquo;\u00e9l\u00e9phants verts\u00a0\u00bb, \u00ab\u00a0Melpom\u00e8ne se parfume \u00e0 l&rsquo;h\u00e9liotrope\u00a0\u00bb&#8230;<\/p>\n<p><strong>C&rsquo;est peut-\u00eatre<\/strong> dans ce souffle d&rsquo;\u00e9crivain, davantage que dans les avatars de la g\u00e9opolitique, qu&rsquo;il faut chercher les raisons du formidable succ\u00e8s des livres d&rsquo;entretiens et des pamphlets de St\u00e9phane Hessel. Indignez-vous ! s&rsquo;est vendu \u00e0 ce jour \u00e0 4\u00a0millions d&rsquo;exemplaires et a \u00e9t\u00e9 traduit en quarante langues. Le pouvoir d&rsquo;entra\u00eenement des mots au service de causes justes, la mobilisation n\u00e9cessaire contre le mal, qu&rsquo;il s&rsquo;agisse du totalitarisme nazi ou de l&rsquo;apartheid&#8230; Voici peut-\u00eatre le vrai testament de St\u00e9phane Hessel, son message d&rsquo;espoir. \u00ab\u00a0Il ne faut jamais penser que l&rsquo;horizon est bouch\u00e9\u00a0\u00bb, disait-il.<\/p>\n<div><em>&gt; Lire l&rsquo;article sur Jeuneafrique.com : <a href=\"http:\/\/www.jeuneafrique.com\/Article\/JA2755p074.xml0\/#ixzz2jFdZLTRb\">Hommage | Hommage \u00e0 St\u00e9phane Hessel, r\u00e9sistant, diplomate et po\u00e8te | Jeuneafrique.com &#8211; le premier site d&rsquo;information et d&rsquo;actualit\u00e9 sur l&rsquo;Afrique<\/a> <\/em><\/div>\n<p>&nbsp;<\/p>\n","protected":false},"excerpt":{"rendered":"<p>Par Youssef A\u00eft akdim, Jeune Afrique, 29\/10\/2013 \u00e0 18:35 Disparu le 27\u00a0f\u00e9vrier, l&rsquo;auteur d&rsquo;\u00a0\u00bbIndignez-vous\u00a0\u00bb ! aurait eu 96 ans le 21\u00a0octobre. Ses amis se sont retrouv\u00e9s \u00e0 cette occasion&#8230; \u00c0 la question \u00ab\u00a0Quelle \u00e9pitaphe pour r\u00e9sumer votre vie ?\u00a0\u00bb St\u00e9phane Hessel avait une r\u00e9ponse : \u00ab\u00a0Ci-g\u00eet un homme heureux, et qui remercie la vie.\u00a0\u00bb Cette [&hellip;]<\/p>\n","protected":false},"author":1,"featured_media":7334,"comment_status":"open","ping_status":"open","sticky":false,"template":"","format":"standard","meta":{"_acf_changed":false,"footnotes":""},"categories":[78],"tags":[],"class_list":["post-54","post","type-post","status-publish","format-standard","has-post-thumbnail","hentry","category-stephane-hessel"],"acf":[],"_links":{"self":[{"href":"https:\/\/vivelaterre.com\/livres2026\/wp-json\/wp\/v2\/posts\/54","targetHints":{"allow":["GET"]}}],"collection":[{"href":"https:\/\/vivelaterre.com\/livres2026\/wp-json\/wp\/v2\/posts"}],"about":[{"href":"https:\/\/vivelaterre.com\/livres2026\/wp-json\/wp\/v2\/types\/post"}],"author":[{"embeddable":true,"href":"https:\/\/vivelaterre.com\/livres2026\/wp-json\/wp\/v2\/users\/1"}],"replies":[{"embeddable":true,"href":"https:\/\/vivelaterre.com\/livres2026\/wp-json\/wp\/v2\/comments?post=54"}],"version-history":[{"count":1,"href":"https:\/\/vivelaterre.com\/livres2026\/wp-json\/wp\/v2\/posts\/54\/revisions"}],"predecessor-version":[{"id":7302,"href":"https:\/\/vivelaterre.com\/livres2026\/wp-json\/wp\/v2\/posts\/54\/revisions\/7302"}],"wp:featuredmedia":[{"embeddable":true,"href":"https:\/\/vivelaterre.com\/livres2026\/wp-json\/wp\/v2\/media\/7334"}],"wp:attachment":[{"href":"https:\/\/vivelaterre.com\/livres2026\/wp-json\/wp\/v2\/media?parent=54"}],"wp:term":[{"taxonomy":"category","embeddable":true,"href":"https:\/\/vivelaterre.com\/livres2026\/wp-json\/wp\/v2\/categories?post=54"},{"taxonomy":"post_tag","embeddable":true,"href":"https:\/\/vivelaterre.com\/livres2026\/wp-json\/wp\/v2\/tags?post=54"}],"curies":[{"name":"wp","href":"https:\/\/api.w.org\/{rel}","templated":true}]}}