{"id":7296,"date":"2011-08-30T23:27:06","date_gmt":"2011-08-30T21:27:06","guid":{"rendered":"http:\/\/engagezvous.com\/site\/?p=10"},"modified":"2013-12-28T21:59:04","modified_gmt":"2013-12-28T20:59:04","slug":"stephane-hessel-et-gilles-vanderpooten-en-tournee-en-espagne-pour-la-sortie-de-comprometeos","status":"publish","type":"post","link":"https:\/\/vivelaterre.com\/livres2026\/2011\/08\/stephane-hessel-et-gilles-vanderpooten-en-tournee-en-espagne-pour-la-sortie-de-comprometeos\/","title":{"rendered":"St\u00e9phane Hessel et Gilles Vanderpooten en tourn\u00e9e en Espagne pour la sortie de Comprometeos !"},"content":{"rendered":"<p><a href=\"http:\/\/engagezvous.com\/site\/wp-content\/uploads\/2011\/08\/Gilles-with-Stephane-Hessel_Madrid.jpg\"><img fetchpriority=\"high\" decoding=\"async\" class=\"size-medium wp-image-66 alignleft\" style=\"margin: 12px;\" alt=\"French diplomat Stephane Hessel and writer Gilles Vanderpooten\" src=\"http:\/\/engagezvous.com\/site\/wp-content\/uploads\/2011\/08\/Gilles-with-Stephane-Hessel_Madrid-192x300.jpg\" width=\"192\" height=\"300\" \/><\/a><span style=\"font-family: Calibri;\">Retrouvez St\u00e9phane Hessel et Gilles Vanderpooten \u00e0 Madrid le 1er septembre, \u00e0 Barcelone le 2.<br \/>\nIls rencontreront la presse et les indign\u00e9s espagnols, \u00e0 l&rsquo;occasion de la sortie en Espagne de Comprometeos !, la version espagnole du livre Engagez-vous !<\/span><\/p>\n","protected":false},"excerpt":{"rendered":"<p>Retrouvez St\u00e9phane Hessel et Gilles Vanderpooten \u00e0 Madrid le 1er septembre, \u00e0 Barcelone le 2. Ils rencontreront la presse et les indign\u00e9s espagnols, \u00e0 l&rsquo;occasion de la sortie en Espagne de Comprometeos !, la version espagnole du livre Engagez-vous !<\/p>\n","protected":false},"author":1,"featured_media":66,"comment_status":"open","ping_status":"open","sticky":false,"template":"","format":"standard","meta":{"_acf_changed":false,"footnotes":""},"categories":[75,78],"tags":[],"class_list":["post-7296","post","type-post","status-publish","format-standard","has-post-thumbnail","hentry","category-rendez-vous","category-stephane-hessel"],"acf":[],"_links":{"self":[{"href":"https:\/\/vivelaterre.com\/livres2026\/wp-json\/wp\/v2\/posts\/7296","targetHints":{"allow":["GET"]}}],"collection":[{"href":"https:\/\/vivelaterre.com\/livres2026\/wp-json\/wp\/v2\/posts"}],"about":[{"href":"https:\/\/vivelaterre.com\/livres2026\/wp-json\/wp\/v2\/types\/post"}],"author":[{"embeddable":true,"href":"https:\/\/vivelaterre.com\/livres2026\/wp-json\/wp\/v2\/users\/1"}],"replies":[{"embeddable":true,"href":"https:\/\/vivelaterre.com\/livres2026\/wp-json\/wp\/v2\/comments?post=7296"}],"version-history":[{"count":1,"href":"https:\/\/vivelaterre.com\/livres2026\/wp-json\/wp\/v2\/posts\/7296\/revisions"}],"predecessor-version":[{"id":7316,"href":"https:\/\/vivelaterre.com\/livres2026\/wp-json\/wp\/v2\/posts\/7296\/revisions\/7316"}],"wp:featuredmedia":[{"embeddable":true,"href":"https:\/\/vivelaterre.com\/livres2026\/wp-json\/"}],"wp:attachment":[{"href":"https:\/\/vivelaterre.com\/livres2026\/wp-json\/wp\/v2\/media?parent=7296"}],"wp:term":[{"taxonomy":"category","embeddable":true,"href":"https:\/\/vivelaterre.com\/livres2026\/wp-json\/wp\/v2\/categories?post=7296"},{"taxonomy":"post_tag","embeddable":true,"href":"https:\/\/vivelaterre.com\/livres2026\/wp-json\/wp\/v2\/tags?post=7296"}],"curies":[{"name":"wp","href":"https:\/\/api.w.org\/{rel}","templated":true}]}}