{"id":75,"date":"2011-09-13T02:45:23","date_gmt":"2011-09-13T00:45:23","guid":{"rendered":"http:\/\/engagezvous.com\/site\/?p=75"},"modified":"2013-12-28T21:58:48","modified_gmt":"2013-12-28T20:58:48","slug":"stephane-hessel-presente-engagez-vous-au-journal-de-20h-de-tf1","status":"publish","type":"post","link":"https:\/\/vivelaterre.com\/livres2026\/2011\/09\/stephane-hessel-presente-engagez-vous-au-journal-de-20h-de-tf1\/","title":{"rendered":"St\u00e9phane Hessel pr\u00e9sente Engagez-vous! au Journal de 20h de TF1"},"content":{"rendered":"<p><span style=\"font-family: Calibri;\"><b>St\u00e9phane Hessel pr\u00e9sente Engagez-vous! au Journal de 20h de TF1<\/b><\/span><\/p>\n<p>Monde &#8211; 2min 57s &#8211; <time datetime=\"2011-10-13T20:00:00\">Le 13 oct. 2011 \u00e0 20h00<\/time><\/p>\n<p itemprop=\"description\">\u00ab\u00a0Les anti Wall-Street \u00e0 New York sont venus s&rsquo;ajouter la semaine derni\u00e8re aux jeunes r\u00e9volt\u00e9s tunisiens, grecs, isra\u00ebliens, ou espagnols. Leur mentor ? Un homme de 93 ans, St\u00e9phane Hessel, auteur d'\u00a0\u00bbIndignez-vous\u00a0\u00bb.\u00a0\u00bb<\/p>\n<p>&gt; <a href=\"http:\/\/videos.tf1.fr\/jt-20h\/2011\/la-revolte-des-indignes-s-etend-a-toute-la-planete-6765127.html\">Revoir le sujet sur le site de TF1<\/a><\/p>\n<p><iframe style=\"width: 320px; height: 180px;\" src=\"http:\/\/www.wat.tv\/embedframe\/409255chuPP3r7254527\" height=\"240\" width=\"320\" frameborder=\"0\"><\/iframe><\/p>\n","protected":false},"excerpt":{"rendered":"<p>St\u00e9phane Hessel pr\u00e9sente Engagez-vous! au Journal de 20h de TF1 Monde &#8211; 2min 57s &#8211; Le 13 oct. 2011 \u00e0 20h00 \u00ab\u00a0Les anti Wall-Street \u00e0 New York sont venus s&rsquo;ajouter la semaine derni\u00e8re aux jeunes r\u00e9volt\u00e9s tunisiens, grecs, isra\u00ebliens, ou espagnols. Leur mentor ? Un homme de 93 ans, St\u00e9phane Hessel, auteur d&rsquo;\u00a0\u00bbIndignez-vous\u00a0\u00bb.\u00a0\u00bb &gt; Revoir [&hellip;]<\/p>\n","protected":false},"author":1,"featured_media":0,"comment_status":"open","ping_status":"open","sticky":false,"template":"","format":"standard","meta":{"_acf_changed":false,"footnotes":""},"categories":[76,78],"tags":[],"class_list":["post-75","post","type-post","status-publish","format-standard","hentry","category-dans-les-medias","category-stephane-hessel"],"acf":[],"_links":{"self":[{"href":"https:\/\/vivelaterre.com\/livres2026\/wp-json\/wp\/v2\/posts\/75","targetHints":{"allow":["GET"]}}],"collection":[{"href":"https:\/\/vivelaterre.com\/livres2026\/wp-json\/wp\/v2\/posts"}],"about":[{"href":"https:\/\/vivelaterre.com\/livres2026\/wp-json\/wp\/v2\/types\/post"}],"author":[{"embeddable":true,"href":"https:\/\/vivelaterre.com\/livres2026\/wp-json\/wp\/v2\/users\/1"}],"replies":[{"embeddable":true,"href":"https:\/\/vivelaterre.com\/livres2026\/wp-json\/wp\/v2\/comments?post=75"}],"version-history":[{"count":1,"href":"https:\/\/vivelaterre.com\/livres2026\/wp-json\/wp\/v2\/posts\/75\/revisions"}],"predecessor-version":[{"id":7315,"href":"https:\/\/vivelaterre.com\/livres2026\/wp-json\/wp\/v2\/posts\/75\/revisions\/7315"}],"wp:attachment":[{"href":"https:\/\/vivelaterre.com\/livres2026\/wp-json\/wp\/v2\/media?parent=75"}],"wp:term":[{"taxonomy":"category","embeddable":true,"href":"https:\/\/vivelaterre.com\/livres2026\/wp-json\/wp\/v2\/categories?post=75"},{"taxonomy":"post_tag","embeddable":true,"href":"https:\/\/vivelaterre.com\/livres2026\/wp-json\/wp\/v2\/tags?post=75"}],"curies":[{"name":"wp","href":"https:\/\/api.w.org\/{rel}","templated":true}]}}