{"id":7677,"date":"2012-01-02T20:30:16","date_gmt":"2012-01-02T19:30:16","guid":{"rendered":"http:\/\/vivelaterre.com\/livres2026\/?p=7677"},"modified":"2014-01-26T21:19:24","modified_gmt":"2014-01-26T20:19:24","slug":"actualites-2012","status":"publish","type":"post","link":"https:\/\/vivelaterre.com\/livres2026\/2012\/01\/actualites-2012\/","title":{"rendered":"Actualit\u00e9s 2012"},"content":{"rendered":"<p>&nbsp;<\/p>\n<table id=\"AutoNumber106\" width=\"101%\" border=\"0\" cellspacing=\"0\" cellpadding=\"4\">\n<tbody>\n<tr>\n<td valign=\"top\" width=\"19%\" height=\"40\"><span style=\"color: #ff6600; font-family: Verdana;\"> <span style=\"color: #ff6600;\"> <a href=\"http:\/\/vivelavenir.org\/Newsletter\/CP_ClubdeRome.htm\">8 au 11<\/a><\/span><a href=\"http:\/\/vivelavenir.org\/Newsletter\/CP_ClubdeRome.htm\"> D\u00e9cembre<\/a><\/span> <span style=\"font-family: Verdana;\"> 2012<\/span><\/td>\n<td valign=\"top\" width=\"77%\" height=\"40\"><b> <span style=\"color: #ff6600; font-family: Verdana;\"> <a href=\"http:\/\/vivelavenir.org\/Newsletter\/CP_ClubdeRome.htm\">Gilles Vanderpooten repr\u00e9sente la France \u00e0 la conf\u00e9rence du Club de Rome \u00ab\u00a0Change course\u00a0\u00bb \u00e0 Winterthur (Suisse)<\/a><\/span> <span style=\"color: #ff6600; font-family: Verdana;\"> <a href=\"http:\/\/vivelavenir.org\/Newsletter\/CP_ClubdeRome.htm\">&gt; en savoir +<\/a><\/span><\/b><\/td>\n<td valign=\"top\" width=\"87%\" height=\"40\"><\/td>\n<\/tr>\n<tr>\n<td valign=\"top\" width=\"19%\" height=\"20\"><span style=\"font-family: Calibri; font-size: small;\">6 d\u00e9cembre 2012<\/span><\/td>\n<td valign=\"top\" width=\"77%\" height=\"20\">\n<p align=\"center\"><span style=\"font-family: Arial;\">PHILIPPE STARCK &amp; GILLES VANDERPOOTEN VOUS CONVIENT<br \/>\navec le mus\u00e9e des Arts d\u00e9coratifs et les \u00e9ditions de l\u2019Aube<\/span><\/p>\n<p align=\"center\"><span style=\"font-family: Arial;\">\u00c0 l\u2019occasion de la parution du livre<\/span><span style=\"font-family: Arial;\"><br \/>\n<\/span><span style=\"font-family: Arial; font-size: xx-large;\">Impression d\u2019ailleurs<br \/>\n<\/span><span style=\"font-family: Arial;\">signature de<\/span><span style=\"font-family: Arial;\"><br \/>\n<\/span><span style=\"font-family: Arial; font-size: xx-large;\">Philippe STARCK<br \/>\n<\/span><span style=\"font-family: Arial;\"><b>&amp; Gilles VANDERPOOTEN<\/b><\/span><\/p>\n<p align=\"center\"><span style=\"font-family: Arial;\"><b>jeudi 6 d\u00e9cembre \u00e0 18h30<br \/>\n<\/b>au Mus\u00e9e des Arts d\u00e9coratifs<br \/>\n107, rue de Rivoli, 75001 Paris.<\/span><\/p>\n<p align=\"center\"><span style=\"font-family: Arial;\"><i>La signature sera suivie d\u2019un cocktail.<\/i><\/span><\/p>\n<\/td>\n<td valign=\"top\" width=\"87%\" height=\"20\"><\/td>\n<\/tr>\n<tr>\n<td valign=\"top\" width=\"19%\" height=\"20\"><span style=\"color: #666666;\"><a href=\"http:\/\/vivelavenir.org\/actu.htm\"> <span style=\"font-family: Calibri;\">24<\/span><\/a><\/span><span style=\"font-family: Verdana;\"><a href=\"http:\/\/vivelavenir.org\/actu.htm\"><span style=\"font-family: Calibri;\"> Novembre<\/span><\/a><\/span><\/td>\n<td valign=\"top\" width=\"77%\" height=\"20\">\u00c0 l\u2019occasion de la parution du livre <i>L\u2019Entrepreneur et l\u2019Indign\u00e9<\/i>. <i> Deux fa\u00e7ons de changer le<\/i><i>monde<\/i>, les auteurs Philippe Hayat \u2022 Gilles Vanderpooten \u2022 Jeanne Dussueil et les \u00e9ditions<\/p>\n<p><span style=\"font-family: Calibri;\">Ellipses vous invitent \u00e0 une exposition de photographies collaborative et innovante :<\/span><\/p>\n<p><b>\u00a0<\/b><\/p>\n<p><b>L\u2019Entrepreneur et l\u2019Indign\u00e9 &#8211; 100 PORTRAITS POUR CHANGER LE MONDE<\/b><\/p>\n<p><span style=\"color: #000000;\">le samedi 24 novembre \u2022 de 15 h \u00e0 18 h <\/span> au Saint-Fiacre : \u00ab la nouvelle salle 100 % digitale aux 36 \u00e9crans \u00bb<\/p>\n<p>14 rue Saint-Fiacre, 75002 Paris \u2022 M\u00e9tro : Grands Boulevards<\/p>\n<p><a href=\"http:\/\/vivelavenir.org\/actu.htm\"> <span style=\"font-family: Calibri;\"> http:\/\/saintfiacre.groupe-antilopes.fr\/<\/span><\/a><\/p>\n<p>Entr\u00e9e libre<\/p>\n<p><b>\u00a0<\/b><\/p>\n<p align=\"center\"><b> VOUS \u00eates entrepreneur et\/ou indign\u00e9 et souhaitez participer ?<\/b><\/p>\n<p align=\"center\">Envoyez vos portraits d\u2019entrepreneur ou d\u2019indign\u00e9 en action (en haute r\u00e9solution) avant<\/p>\n<p align=\"center\"><span style=\"font-family: Calibri;\">le 19 novembre \u00e0 <\/span> <a href=\"http:\/\/vivelavenir.org\/actu.htm\"> <span style=\"font-family: Calibri;\">expophotos@editions-ellipses.fr<\/span><\/a><span style=\"font-family: Calibri;\"> en indiquant pour chaque photo : un titre<\/span><\/p>\n<p align=\"center\">(personne, lieu et date) et le nom du photographe*. Format paysage de pr\u00e9f\u00e9rence.<\/p>\n<\/td>\n<td valign=\"top\" width=\"87%\" height=\"20\"><\/td>\n<\/tr>\n<tr>\n<td valign=\"top\" width=\"19%\" height=\"20\"><span style=\"font-family: Calibri; font-size: small;\">12 novembre<\/span><\/td>\n<td valign=\"top\" width=\"77%\" height=\"20\"><strong><span style=\"font-size: small;\"> Conf\u00e9rence L&rsquo;entrepreneur et l&rsquo;indign\u00e9, ESCP Europe, Paris<\/span><\/strong><\/td>\n<td valign=\"top\" width=\"87%\" height=\"20\"><\/td>\n<\/tr>\n<tr>\n<td valign=\"top\" width=\"19%\" height=\"20\"><span style=\"font-family: Calibri; font-size: small;\">3 novembre<\/span><\/td>\n<td valign=\"top\" width=\"77%\" height=\"20\"><span style=\"font-size: small;\"> <strong>Salon du livre de Trouville-sur-mer, avec St\u00e9phane Hessel et Gilles Vanderpooten,<i> Engagez-vous !<\/i><\/strong><\/span><\/td>\n<td valign=\"top\" width=\"87%\" height=\"20\"><\/td>\n<\/tr>\n<tr>\n<td valign=\"top\" width=\"19%\" height=\"7\"><span style=\"font-family: Calibri; font-size: small;\">1er novembre<\/span><\/td>\n<td valign=\"top\" width=\"77%\" height=\"7\"><span style=\"font-family: Calibri; font-size: small;\">Philippe Starck invit\u00e9 de la matinale de France Inter <a href=\"http:\/\/www.franceinter.fr\/emission-le-sept-neuf-de-bruno-duvic-philippe-starck\"> <span style=\"text-decoration: underline;\">&gt; r\u00e9\u00e9couter en podcast<\/span><\/a><\/span><\/td>\n<td valign=\"top\" width=\"87%\" height=\"7\"><\/td>\n<\/tr>\n<tr>\n<td valign=\"top\" width=\"19%\" height=\"7\"><span style=\"font-family: Calibri; font-size: small;\">1er novembre<\/span><\/td>\n<td valign=\"top\" width=\"77%\" height=\"7\"><b> <a href=\"http:\/\/vivelavenir.org\/conversation\/starck\/index.htm\"> <span style=\"font-family: Calibri; font-size: medium;\"> Sortie du livre de Philippe Starck \u00ab\u00a0Impression d&rsquo;Ailleurs\u00a0\u00bb<\/span><\/a><\/b><span style=\"font-family: Calibri; font-size: medium;\">, avec Gilles Vanderpooten, ed. l&rsquo;Aube<\/span><\/td>\n<td valign=\"top\" width=\"87%\" height=\"7\"><\/td>\n<\/tr>\n<tr>\n<td valign=\"top\" width=\"19%\" height=\"11\"><span style=\"font-family: Calibri; font-size: small;\">23 octobre<\/span><\/td>\n<td valign=\"top\" width=\"77%\" height=\"11\"><span style=\"font-family: Calibri; font-size: small;\"> <a href=\"http:\/\/vivelavenir.org\/tribune_gv_lhumanite.htm\">Gilles Vanderpooten signe une tribune dans l&rsquo;Humanit\u00e9 : \u00ab\u00a0Jeunes, ne vous r\u00e9signez pas !\u00a0\u00bb<\/a><\/span><\/td>\n<td valign=\"top\" width=\"87%\" height=\"11\"><\/td>\n<\/tr>\n<tr>\n<td valign=\"top\" width=\"19%\" height=\"11\"><span style=\"font-family: Verdana;\"> <a href=\"http:\/\/www.vivelavenir.org\/actu.htm\"> <span style=\"font-family: Calibri; font-size: small;\">22 octobre<\/span><\/a><\/span><\/td>\n<td valign=\"top\" width=\"77%\" height=\"11\"><span style=\"font-family: Calibri; font-size: small;\">D\u00e9bat Vanderpooten-Hayat \u00ab\u00a0L&rsquo;entrepreneur et l&rsquo;indign\u00e9\u00a0\u00bb sur LCI, avec Michel Field<\/span><\/td>\n<td valign=\"top\" width=\"87%\" height=\"11\"><\/td>\n<\/tr>\n<tr>\n<td valign=\"top\" width=\"19%\" height=\"11\"><b> <span style=\"color: #ff6600; font-size: medium;\"> <a href=\"http:\/\/vivelavenir.org\/entrepreneurindigne\/index.htm\"> <span style=\"font-family: Calibri;\">15 octobre<\/span><\/a><\/span><\/b><\/td>\n<td valign=\"top\" width=\"77%\" height=\"11\"><b> <span style=\"color: #ff6600; font-size: medium;\"> <a href=\"http:\/\/vivelavenir.org\/entrepreneurindigne\/index.htm\"> <span style=\"font-family: Calibri;\">Sortie du livre \u00ab\u00a0L&rsquo;entrepreneur et l&rsquo;indign\u00e9\u00a0\u00bb<\/span><\/a><\/span><\/b> <span style=\"font-family: Calibri; font-size: medium;\">conf\u00e9rence de presse avec Thierry Marx \u00e0 9h &#8211; Paris 20e<\/span><\/td>\n<td valign=\"top\" width=\"87%\" height=\"11\"><\/td>\n<\/tr>\n<tr>\n<td valign=\"top\" width=\"19%\" height=\"11\"><span style=\"font-family: Calibri;\">13 octobre <\/span><\/td>\n<td valign=\"top\" width=\"77%\" height=\"11\"><span style=\"font-family: Calibri;\">Global Noise &#8211; Journ\u00e9e mondiale des indign\u00e9s<\/span><\/td>\n<td valign=\"top\" width=\"87%\" height=\"11\"><\/td>\n<\/tr>\n<tr>\n<td valign=\"top\" width=\"19%\" height=\"11\"><span style=\"font-family: Calibri; font-size: small;\">29-30 septembre<\/span><\/td>\n<td valign=\"top\" width=\"77%\" height=\"11\"><span style=\"font-size: small;\"> Transformational Media Summit, Londres<\/span><\/td>\n<td valign=\"top\" width=\"87%\" height=\"11\"><\/td>\n<\/tr>\n<tr>\n<td valign=\"top\" width=\"19%\" height=\"23\"><span style=\"color: #666666; font-family: Verdana;\"> <a href=\"http:\/\/www.france-libertes.org\/Grande-vente-aux-encheres-en.html#.UEFZnqBAWgc\"> <span style=\"font-family: Calibri; font-size: small;\">20 septembre<\/span><\/a><\/span><\/td>\n<td valign=\"top\" width=\"77%\" height=\"23\"><span style=\"color: #666666; font-family: Verdana;\"><a href=\"http:\/\/www.france-libertes.org\/Grande-vente-aux-encheres-en.html#.UEFZnqBAWgc\"> <span style=\"font-family: Calibri; font-size: small;\">Vente aux ench\u00e8res en hommage \u00e0 Danielle Mitterrand au profit de la Fondation Danielle Mitterrand &#8211; France Libert\u00e9s<\/span><\/a><\/span><span style=\"font-family: Calibri;\">, Palais d&rsquo;I\u00e9na<\/span><\/td>\n<td valign=\"top\" width=\"87%\" height=\"23\"><\/td>\n<\/tr>\n<tr>\n<td valign=\"top\" width=\"19%\" height=\"48\"><span style=\"font-family: Calibri; font-size: small;\">30 et 31 ao\u00fbt<\/span><\/td>\n<td valign=\"top\" width=\"77%\" height=\"48\"><span style=\"font-size: small;\"><strong> Universit\u00e9 d&rsquo;\u00e9t\u00e9 des CCI : \u00ab\u00a019-29 les d\u00e9fis d&rsquo;une g\u00e9n\u00e9ration\u00a0\u00bb.<\/strong><strong><br \/>\nGilles Vanderpooten sera invit\u00e9 de l&rsquo;Universit\u00e9 d&rsquo;\u00e9t\u00e9 des Chambres de Commerce et d&rsquo;Industries \u00e0 Versailles, aux c\u00f4t\u00e9s de Yann Algan, Jean Viard, Maxime Verner, Michel Godet&#8230; sur le th\u00e8me \u00ab\u00a019-29 les d\u00e9fis d&rsquo;une g\u00e9n\u00e9ration\u00a0\u00bb.<\/strong><\/span><\/p>\n<h4><span style=\"font-size: small;\"> Des jeunes de 19 \u00e0 29 ans des cinq continents de toute formation, aux destin\u00e9es diverses d\u00e9battront avec des personnalit\u00e9s de haut niveau, soucieuses de l\u2019int\u00e9r\u00eat g\u00e9n\u00e9ral, anim\u00e9es de l\u2019esprit d\u2019entreprise et porteuses du renouveau europ\u00e9en.<br \/>\nQuels sont les r\u00eaves et les r\u00e9alit\u00e9s de la jeunesse du monde ?\u00a0 Quelles sont leurs approches du travail et de l\u2019entrepreneuriat ? A quoi s\u2019engagent\u2010ils ?\u00a0Comment la France et l\u2019Europe rel\u00e8vent les d\u00e9fis de cette g\u00e9n\u00e9ration ? Quelles r\u00e9ponses concr\u00e8tes les CCI et plus largement les entreprises apportent aux aspirations des 19-29 ?<\/span><\/h4>\n<\/td>\n<td valign=\"top\" width=\"87%\" height=\"48\"><\/td>\n<\/tr>\n<tr>\n<td valign=\"top\" width=\"19%\" height=\"7\"><span style=\"font-family: Calibri; font-size: small;\">Aout<\/span><span style=\"font-family: Calibri;\"> 2012<\/span><\/td>\n<td valign=\"top\" width=\"77%\" height=\"7\"><strong><span style=\"font-size: small;\"> Gilles Vanderpooten interviendra sur France Info dans la chronique \u00ab\u00a0Initiatives\u00a0\u00bb de Lucie Montchovi.<\/span><\/strong><\/td>\n<td valign=\"top\" width=\"87%\" height=\"7\"><\/td>\n<\/tr>\n<tr>\n<td valign=\"top\" width=\"19%\" height=\"61\"><span style=\"font-family: Calibri;\">Mars 2012<\/span><\/td>\n<td valign=\"top\" width=\"77%\" height=\"61\"><strong><span style=\"font-size: small;\"> Lundi 26<\/span> mars 2012 au Conseil \u00e9conomique, social et environnemental, Paris<br \/>\n<\/strong><strong> St\u00e9phane Hessel parrain du Prix Reporters d&rsquo;Espoirs 2012<\/strong><strong><br \/>\nouvrira la soir\u00e9e de remise des prix organis\u00e9e par l&rsquo;ONG Reporters d&rsquo;Espoirs pour mettre \u00e0 l&rsquo;honneur les journalistes \u00ab\u00a0porteurs de solutions\u00a0\u00bb, aux c\u00f4t\u00e9s d&rsquo;Aida Touihri, Jean-Paul Delevoye, Sophie Jovillard, Julie Andrieu, Samuel Etienne et de 500 journalistes, personnalit\u00e9s et invit\u00e9s.<\/strong><\/td>\n<td valign=\"top\" width=\"87%\" height=\"61\"><\/td>\n<\/tr>\n<tr>\n<td valign=\"top\" width=\"19%\" height=\"61\"><span style=\"font-family: Calibri;\">Mars 2012<\/span><\/td>\n<td valign=\"top\" width=\"77%\" height=\"61\"><strong> Samedi 24 mars 2012<br \/>\n<\/strong> <strong>Gilles Vanderpooten invit\u00e9 de France Culture<\/strong><strong><br \/>\ndans l&rsquo;\u00e9miss<\/strong><strong>ion \u00ab\u00a0<\/strong><span style=\"font-family: Calibri;\">Jusqu&rsquo;\u00e0 la lune et retour\u00a0\u00bb de Aline Pailler<\/span><\/td>\n<td valign=\"top\" width=\"87%\" height=\"61\"><\/td>\n<\/tr>\n<tr>\n<td valign=\"top\" width=\"19%\" height=\"61\"><span style=\"font-family: Calibri;\">Mars 2012<\/span><\/td>\n<td valign=\"top\" width=\"77%\" height=\"61\"><strong> Samedi 17 mars 2012 \u00e0 15h au Salon du livre de Paris<\/strong><b><strong><br \/>\nSt\u00e9phane Hessel et Gilles Vanderpooten d\u00e9dicacent \u00ab\u00a0Engagez-vous!\u00a0\u00bb<\/strong><\/b><strong> <\/strong><strong> et \u00ab\u00a0Ce que je n&rsquo;accepte pas\u00a0\u00bb, avec une forte pens\u00e9e pour leur amie Danielle Mitterrand.<\/strong><\/td>\n<td valign=\"top\" width=\"87%\" height=\"61\"><\/td>\n<\/tr>\n<tr>\n<td valign=\"top\" width=\"19%\" height=\"61\"><span style=\"font-family: Calibri;\">Mars 2012<\/span><\/td>\n<td valign=\"top\" width=\"77%\" height=\"61\"><span style=\"color: #ff3300;\"> <a href=\"http:\/\/www.mk2.com\/evenements\/carte-blanche-cyril-mokaiesh\"> Mardi 6 mars \u00e0 19h30, Mk2 Quai de Seine (Paris)<\/a><br \/>\n<\/span> <b> <strong>Cyril Mokaiesh fait son cin\u00e9ma<br \/>\n<\/strong><\/b> <a href=\"http:\/\/www.mk2.com\/evenements\/carte-blanche-cyril-mokaiesh\"> <span style=\"font-family: Calibri;\">D\u00e9bat, mini-concert, projection en avant-premi\u00e8re avec Tony Gatlif r\u00e9alisateur du film Indignados, Cyril Mokaiesh (chanteur-compositeur), Pierre Larrouturou (\u00e9conomiste, Collectif Roosevelt 2012) et Gilles Vanderpooten<\/span><\/a><span style=\"font-family: Calibri;\">.<\/span><\/td>\n<td valign=\"top\" width=\"87%\" height=\"61\"><\/td>\n<\/tr>\n<tr>\n<td valign=\"top\" width=\"19%\" height=\"35\"><span style=\"font-family: Calibri;\">Janvier 2012<\/span><\/td>\n<td valign=\"top\" width=\"77%\" height=\"35\"><a href=\"http:\/\/vivelavenir.org\/conversation\/DM\/index.htm\"><b> <span style=\"font-family: Calibri; font-size: medium;\">\u00ab\u00a0<\/span><\/b><b><span style=\"font-size: medium;\">Indign\u00e9e et engag\u00e9e, elle l&rsquo;\u00e9tait !\u00a0\u00bb<\/span><\/b><\/a><b><br \/>\n<\/b><a href=\"http:\/\/vivelavenir.org\/conversation\/DM\/index.htm\"> <span style=\"font-family: Calibri;\">La<\/span><\/a><a href=\"http:\/\/vivelavenir.org\/conversation\/DM\/index.htm\"><span style=\"font-family: Calibri;\"> tribune de Gilles Vanderpooten, coauteur avec Danielle Mitterrand de \u00ab\u00a0Ce que je n&rsquo;accepte pas\u00a0\u00bb.<\/span><\/a><\/td>\n<td valign=\"top\" width=\"87%\" height=\"35\"><\/td>\n<\/tr>\n<tr>\n<td valign=\"top\" width=\"19%\" height=\"42\"><span style=\"font-family: Calibri;\">19 Janvier 2012<\/span><\/td>\n<td valign=\"top\" width=\"77%\" height=\"42\"><strong> <span style=\"color: #ff0000;\"> <a href=\"http:\/\/vivelavenir.org\/conversation\/DM\/index.htm\"> <span style=\"color: #ff0000; font-size: medium;\">Publication\u00a0 de \u00ab\u00a0Ce que je n&rsquo;accepte pas\u00a0\u00bb, le dernier livre-t\u00e9moignage de Danielle Mitterrand<\/span><\/a><\/span><\/strong><\/td>\n<td valign=\"top\" width=\"87%\" height=\"42\"><\/td>\n<\/tr>\n<tr>\n<td valign=\"top\" width=\"19%\" height=\"1\"><a href=\"http:\/\/vivelavenir.org\/actu.htm\"> <span style=\"font-family: Calibri;\">14 janvier 2012<\/span><\/a><\/td>\n<td valign=\"top\" width=\"77%\" height=\"1\">Gilles Vanderpooten sur France Inter dans l&rsquo;\u00e9mission <i>CO2 mon amour <\/i>de Denis Cheissoux<\/td>\n<\/tr>\n<\/tbody>\n<\/table>\n","protected":false},"excerpt":{"rendered":"<p>&nbsp; 8 au 11 D\u00e9cembre 2012 Gilles Vanderpooten repr\u00e9sente la France \u00e0 la conf\u00e9rence du Club de Rome \u00ab\u00a0Change course\u00a0\u00bb \u00e0 Winterthur (Suisse) &gt; en savoir + 6 d\u00e9cembre 2012 PHILIPPE STARCK &amp; GILLES VANDERPOOTEN VOUS CONVIENT avec le mus\u00e9e des Arts d\u00e9coratifs et les \u00e9ditions de l\u2019Aube \u00c0 l\u2019occasion de la parution du livre [&hellip;]<\/p>\n","protected":false},"author":1,"featured_media":0,"comment_status":"open","ping_status":"open","sticky":false,"template":"","format":"standard","meta":{"_acf_changed":false,"footnotes":""},"categories":[75],"tags":[],"class_list":["post-7677","post","type-post","status-publish","format-standard","hentry","category-rendez-vous"],"acf":[],"_links":{"self":[{"href":"https:\/\/vivelaterre.com\/livres2026\/wp-json\/wp\/v2\/posts\/7677","targetHints":{"allow":["GET"]}}],"collection":[{"href":"https:\/\/vivelaterre.com\/livres2026\/wp-json\/wp\/v2\/posts"}],"about":[{"href":"https:\/\/vivelaterre.com\/livres2026\/wp-json\/wp\/v2\/types\/post"}],"author":[{"embeddable":true,"href":"https:\/\/vivelaterre.com\/livres2026\/wp-json\/wp\/v2\/users\/1"}],"replies":[{"embeddable":true,"href":"https:\/\/vivelaterre.com\/livres2026\/wp-json\/wp\/v2\/comments?post=7677"}],"version-history":[{"count":2,"href":"https:\/\/vivelaterre.com\/livres2026\/wp-json\/wp\/v2\/posts\/7677\/revisions"}],"predecessor-version":[{"id":7689,"href":"https:\/\/vivelaterre.com\/livres2026\/wp-json\/wp\/v2\/posts\/7677\/revisions\/7689"}],"wp:attachment":[{"href":"https:\/\/vivelaterre.com\/livres2026\/wp-json\/wp\/v2\/media?parent=7677"}],"wp:term":[{"taxonomy":"category","embeddable":true,"href":"https:\/\/vivelaterre.com\/livres2026\/wp-json\/wp\/v2\/categories?post=7677"},{"taxonomy":"post_tag","embeddable":true,"href":"https:\/\/vivelaterre.com\/livres2026\/wp-json\/wp\/v2\/tags?post=7677"}],"curies":[{"name":"wp","href":"https:\/\/api.w.org\/{rel}","templated":true}]}}