{"id":7679,"date":"2011-12-30T20:49:49","date_gmt":"2011-12-30T19:49:49","guid":{"rendered":"http:\/\/vivelaterre.com\/livres2026\/?p=7679"},"modified":"2014-01-26T20:54:35","modified_gmt":"2014-01-26T19:54:35","slug":"actualites-2011","status":"publish","type":"post","link":"https:\/\/vivelaterre.com\/livres2026\/2011\/12\/actualites-2011\/","title":{"rendered":"Actualit\u00e9s 2011"},"content":{"rendered":"<p>&nbsp;<\/p>\n<table width=\"101%\" border=\"0\" cellspacing=\"0\" cellpadding=\"4\">\n<tbody>\n<tr>\n<td valign=\"top\" width=\"19%\" height=\"1\"><a href=\"http:\/\/www.lemonde.fr\/le-magazine\/\"> <span style=\"font-family: Calibri;\">24 d\u00e9cembre 2011<\/span><\/a><\/td>\n<td valign=\"top\" width=\"77%\" height=\"1\"><strong> <a href=\"http:\/\/www.lemonde.fr\/le-magazine\/\"><b> <span style=\"font-family: Calibri; font-size: medium;\">\u00ab\u00a0St\u00e9phane Hessel, gentleman indign\u00e9\u00a0\u00bb : un article d&rsquo;Annick Cojean dans <i>Le Monde magazine<\/i><\/span><\/b><\/a><\/strong><span style=\"font-family: Calibri;\"> <strong>\u00ab\u00a0UN PH\u00c9NOM\u00c8NE<\/strong> sans pr\u00e9c\u00e9dent qui, en l&rsquo;absence de droits d&rsquo;auteur auxquels St\u00e9phane Hessel a renonc\u00e9, permet aux \u00e9diteurs de distribuer des aides \u00e0 des associations sous forme de m\u00e9c\u00e9nat. Un ph\u00e9nom\u00e8ne de soci\u00e9t\u00e9 sur lequel se penchent d\u00e9j\u00e0 sociologues, philosophes, ethnologues, tandis que M. Hessel, radieux, courtois, consid\u00e9rant que le succ\u00e8s l&rsquo;oblige, mais lucide sur un triomphe qu&rsquo;il trouve <em> \u00ab\u00a0presque excessif\u00a0\u00bb<\/em>, se pr\u00eate aux rencontres. Heureux de dialoguer avec des amis de sa g\u00e9n\u00e9ration, comme Edgar Morin, coauteur du <em> Chemin de l&rsquo;esp\u00e9rance<\/em> (Fayard). Joyeux de parler avec de jeunes militants, comme Gilles Vanderpooten, \u00e9cologiste et directeur de Reporters d&rsquo;espoirs (<em>Engagez-vous ! <\/em>aux \u00e9ditions de l&rsquo;Aube). Enthousiaste apr\u00e8s sa conversation \u00e0 Prague, d\u00e9but d\u00e9cembre, avec le dala\u00ef-lama sur le th\u00e8me de la non-violence (livre \u00e0 para\u00eetre aux \u00e9ditions Indig\u00e8ne). Et ravi que ce joli mot d&rsquo;indign\u00e9 soit d\u00e9sormais repris par les jeunesses du monde entier pour marquer un sursaut, un \u00e9lan, un refus de la fatalit\u00e9, une prise de conscience collective. Lui, l&rsquo;irr\u00e9ductible optimiste, qui assure devoir \u00e0 sa m\u00e8re, Helen &#8211; dont la vie amoureuse inspira le roman, puis le film, <em>Jules et Jim<\/em>, son <em>\u00ab\u00a0intense bonheur d&rsquo;exister\u00a0\u00bb [&#8230;]<\/em><\/span><em><span style=\"font-family: Calibri;\">&gt; <\/span><span style=\"font-family: Verdana;\"> <a href=\"http:\/\/www.lemonde.fr\/le-magazine\/\"> <span style=\"font-family: Calibri;\">la suite sur le site du Monde<\/span><\/a><\/span><\/em><\/td>\n<td valign=\"top\" width=\"87%\" height=\"1\"><\/td>\n<\/tr>\n<tr>\n<td valign=\"top\" width=\"19%\" height=\"1\"><span style=\"font-family: Calibri;\">D\u00e9cembre 2011<\/span><\/td>\n<td valign=\"top\" width=\"77%\" height=\"1\"><strong><a href=\"http:\/\/vivelavenir.org\/conversation\/SH\/index.htm\"><span style=\"color: #ff0000; font-size: medium;\">La <\/span><\/a> <span style=\"color: #ff0000; font-family: Calibri;\">n<\/span><a href=\"http:\/\/vivelavenir.org\/conversation\/SH\/index.htm\"><span style=\"color: #ff0000; font-size: medium;\">ouvelle \u00e9dition d&rsquo;Engagez-vous ! avec St\u00e9phane Hessel<\/span><\/a><span style=\"color: #ff0000; font-family: Calibri;\"> est disponible en librairie<\/span><\/strong><span style=\"font-family: Calibri;\">D\u00e9j\u00e0 130 000 exemplaires vendus en France et traduit en 15 langues en Europe (Espagne, Italie, Allemagne&#8230;) et dans le monde (Turquie, Chili&#8230;) !<\/span><\/td>\n<td valign=\"top\" width=\"87%\" height=\"1\"><\/td>\n<\/tr>\n<tr>\n<td valign=\"top\" width=\"19%\" height=\"1\"><span style=\"font-family: Calibri;\">3 novembre<\/span><\/td>\n<td valign=\"top\" width=\"77%\" height=\"1\"><strong> <a href=\"http:\/\/vivelavenir.org\/conversation\/index.htm\"> <span style=\"color: #ff0000; font-size: medium;\">3 novembre 2011 : deux nouveaut\u00e9s en librairie dans la collection \u00ab\u00a0Conversation pour l&rsquo;avenir\u00a0\u00bb !<br \/>\n&gt; \u00ab\u00a0La vie est un chemin qui a du coeur\u00a0\u00bb de J\u00e9romine Pasteur<br \/>\n&gt; \u00ab\u00a0Unissons-nous, des r\u00e9volutions arabes aux Indign\u00e9s\u00a0\u00bb de Youssef Seddik<\/span><\/a><\/strong><\/td>\n<td valign=\"top\" width=\"87%\" height=\"1\"><\/td>\n<\/tr>\n<tr>\n<td valign=\"top\" width=\"19%\" height=\"1\"><span style=\"font-family: Calibri;\">15 octobre<\/span><\/td>\n<td valign=\"top\" width=\"77%\" height=\"1\">\n<p dir=\"ltr\"><span style=\"font-family: Calibri;\"><b>Gilles Vanderpooten et Alain Lipietz invit\u00e9s du Salon du livre et de la presse d&rsquo;\u00e9cologie<\/b> (FELIPE), samedi 15 octobre de 14h \u00e0 15h30 sur le th\u00e8me \u00ab\u00a0Quel engagement pour quelle \u00e9cologie ?\u00a0\u00bb<br \/>\n<a href=\"http:\/\/www.festival-livre-presse-ecologie.org\/?EDITION%E2%80%882011\"> En savoir +<\/a><\/span><\/p>\n<\/td>\n<td valign=\"top\" width=\"87%\" height=\"1\"><\/td>\n<\/tr>\n<tr>\n<td valign=\"top\" width=\"19%\" height=\"1\"><span style=\"font-family: Calibri;\">13 octobre<\/span><\/td>\n<td valign=\"top\" width=\"77%\" height=\"1\"><span style=\"font-family: Calibri;\"><b>St\u00e9phane Hessel pr\u00e9sente Engagez-vous! au Journal de 20h de TF1<\/b><br \/>\nRetrouvez le sujet <a href=\"http:\/\/videos.tf1.fr\/jt-20h\/le-20-heures-du-13-octobre-2011-6764975.html\"> <b>ici<\/b><\/a> <\/span><\/td>\n<td valign=\"top\" width=\"87%\" height=\"1\"><\/td>\n<\/tr>\n<tr>\n<td valign=\"top\" width=\"19%\" height=\"1\"><span style=\"font-family: Calibri;\">13 octobre<\/span><\/td>\n<td valign=\"top\" width=\"77%\" height=\"1\"><span style=\"font-family: Calibri;\"><b>Yves Paccalet invit\u00e9 de Mathieu Vidard sur France Inter <\/b>dans \u00ab\u00a0La T\u00eate au carr\u00e9, parle de \u00ab\u00a0Partageons ! L&rsquo;utopie ou la guerre\u00a0\u00bb, livre d&rsquo;entretien avec Gilles Vanderpooten.<br \/>\nRetrouvez l&rsquo;\u00e9mission <a href=\"http:\/\/www.franceinter.fr\/emission-la-tete-au-carre-les-requins\"> <b>ici<\/b><\/a><\/span><\/td>\n<td valign=\"top\" width=\"87%\" height=\"1\"><\/td>\n<\/tr>\n<tr>\n<td valign=\"top\" width=\"19%\" height=\"1\"><span style=\"font-family: Calibri;\">11 octobre<\/span><\/td>\n<td valign=\"top\" width=\"77%\" height=\"1\"><b><span style=\"font-family: Calibri;\">St\u00e9phane Hessel pr\u00e9sente Engagez-vous ! sur <a href=\"http:\/\/www.pluzz.fr\/jt-12-13-lorraine-2011-10-11-12h00.html\"> <span style=\"font-family: Calibri; font-size: medium;\">France 3 Lorraine.<\/span><\/a><\/span><\/b><span style=\"font-family: Calibri;\"><br \/>\nAu 12-13 : <\/span> <a href=\"http:\/\/www.pluzz.fr\/jt-12-13-lorraine-2011-10-11-12h00.html\"> <span style=\"font-family: Calibri;\"> http:\/\/www.pluzz.fr\/jt-12-13-lorraine-2011-10-11-12h00.html<\/span><\/a><span style=\"font-family: Calibri;\"><br \/>\nAu 19-20 : <\/span> <a href=\"http:\/\/www.pluzz.fr\/jt-19-20-lorraine-2011-10-11-18h59.html\"> <span style=\"font-family: Calibri;\"> http:\/\/www.pluzz.fr\/jt-19-20-lorraine-2011-10-11-18h59.html<\/span><\/a><\/td>\n<td valign=\"top\" width=\"87%\" height=\"1\"><\/td>\n<\/tr>\n<tr>\n<td valign=\"top\" width=\"19%\" height=\"1\"><span style=\"font-family: Calibri;\">7-8-9 octobre<\/span><\/td>\n<td valign=\"top\" width=\"77%\" height=\"1\"><span style=\"font-family: Calibri;\"><b>St\u00e9phane Hessel et Youssef Seddik invit\u00e9s du salon du livre de Mouans-Sarthoux<\/b><\/span><span style=\"font-family: Calibri;\"> (pr\u00e8s de Cannes).<br \/>\nSt\u00e9phane Hessel parlera d&rsquo; \u00ab\u00a0Engagez-vous\u00a0\u00bb et le philosophe tunisien Youssef Seddik pr\u00e9sentera avant sa sortie officielle son nouvel ouvrage co\u00e9crit avec Gilles Vanderpooten \u00ab\u00a0Unissons-nous ! Des r\u00e9volutions arabes aux indign\u00e9s\u00a0\u00bb.<\/span><\/td>\n<td valign=\"top\" width=\"87%\" height=\"1\"><\/td>\n<\/tr>\n<tr>\n<td valign=\"top\" width=\"19%\" height=\"1\"><span style=\"font-family: Calibri;\">4 octobre<\/span><\/td>\n<td valign=\"top\" width=\"77%\" height=\"1\"><span style=\"font-family: Calibri;\"><b>Yves Paccalet invit\u00e9 de Fr\u00e9d\u00e9ric Tadd\u00e9i dans \u00ab\u00a0Ce soir ou jamais\u00a0\u00bb <\/b> parlera de son nouvel ouvrage \u00ab\u00a0Partageons ! L&rsquo;utopie ou la guerre\u00a0\u00bb (\u00e9d. l&rsquo;Aube).<\/span><\/td>\n<td valign=\"top\" width=\"87%\" height=\"1\"><\/td>\n<\/tr>\n<tr>\n<td valign=\"top\" width=\"19%\" height=\"1\"><span style=\"font-family: Calibri;\">8 septembre<\/span><\/td>\n<td valign=\"top\" width=\"77%\" height=\"1\"><b><span style=\"font-family: Calibri;\">Sortie de \u00ab\u00a0Partageons ! L&rsquo;utopie ou la guerre\u00a0\u00bb, le nouveau livre de Yves Paccalet, entretiens avec Gilles Vanderpooten, aux \u00e9ditions de l&rsquo;Aube.<\/span><\/b><\/td>\n<td valign=\"top\" width=\"87%\" height=\"1\"><\/td>\n<\/tr>\n<tr>\n<td valign=\"top\" width=\"19%\" height=\"1\"><span style=\"font-family: Calibri;\">1-2 septembre<br \/>\nESPAGNE<br \/>\nMADRID<br \/>\nBARCELONE<\/span><\/td>\n<td valign=\"top\" width=\"77%\" height=\"1\"><b><span style=\"color: #ff3300; font-family: Calibri;\">St\u00e9phane Hessel et Gilles Vanderpooten en tourn\u00e9e en Espagne pour la sortie de <i>Comprometeos !<\/i>, la version espagnole d&rsquo;<i>Engagez-vous !<\/i><\/span><\/b>Retrouvez-les \u00e0 Madrid le 1er septembre, \u00e0 Barcelone le 2.<br \/>\nIls rencontreront la presse et les indign\u00e9s espagnols.<\/td>\n<td valign=\"top\" width=\"87%\" height=\"1\"><\/td>\n<\/tr>\n<tr>\n<td valign=\"top\" width=\"19%\" height=\"2\"><span style=\"font-family: Calibri;\">23 ao\u00fbt<br \/>\nLYON<\/span><\/td>\n<td valign=\"top\" width=\"77%\" height=\"2\"><span style=\"font-family: Calibri;\">Lyon, mardi 23 ao\u00fbt de 17h30 \u00e0 19h<b><br \/>\n<\/b><\/span> <span style=\"font-family: Calibri;\"><b>Jean Viard, Nicolas Demorand et Gilles Vanderpooten \u00e0 l&rsquo;Universit\u00e9 Europ\u00e9enne de l&rsquo;Engagement<\/b><\/span><span style=\"font-family: Calibri;\">A l\u2019occasion du lancement des 20 ans de l\u2019Afev (Association de la fondation \u00e9tudiante pour la ville), nous souhaitons croiser les regards de trois personnalit\u00e9s impliqu\u00e9es, un journaliste, un sociologue et un auteur. Trois regards sur l\u2019action de l\u2019Afev depuis 20 ans au service d\u2019une nouvelle forme de militantisme, et plus largement sur la question de l\u2019engagement dans une soci\u00e9t\u00e9 de la d\u00e9fiance.<br \/>\nComment s\u2019appuyer sur l\u2019engagement individuel\u00a0 qui r\u00e9pond aux diff\u00e9rentes mutations de l\u2019engagement de ces derni\u00e8res ann\u00e9es pour construire de nouvelles solidarit\u00e9s collectives ? Comment les citoyens peuvent ils faire muter cette soci\u00e9t\u00e9 du repli pour aller vers une soci\u00e9t\u00e9 de la confiance et de l\u2019empathie ? Comment ces engagements peuvent ils participer \u00e0 donner du pouvoir \u00e0 ceux qui en sont le plus d\u00e9pourvus\u00a0 au sein des quartiers populaires ?<\/span><\/p>\n<blockquote><p><span style=\"font-family: Calibri;\">Jean Viard, directeur de recherche au CNRS au CEVIPOF<br \/>\nNicolas Demorand, journaliste, directeur du journal Lib\u00e9ration<br \/>\nGilles Vanderpooten, militant associatif et co-auteur avec St\u00e9phane Hessel d\u2019\u00ab Engagez vous ! \u00bb<\/span><\/p><\/blockquote>\n<\/td>\n<td valign=\"top\" width=\"87%\" height=\"2\"><\/td>\n<\/tr>\n<tr>\n<td valign=\"top\" width=\"19%\" height=\"1\"><\/td>\n<td valign=\"top\" width=\"77%\" height=\"1\"><\/td>\n<td valign=\"top\" width=\"87%\" height=\"1\"><\/td>\n<\/tr>\n<tr>\n<td valign=\"top\" width=\"19%\" height=\"1\"><span style=\"font-family: Calibri;\">9 juillet<br \/>\nAVIGNON<\/span><\/td>\n<td valign=\"top\" width=\"77%\" height=\"1\"><b> <span style=\"font-family: Calibri;\">St\u00e9phane Hessel et Gilles Vanderpooten au festival d&rsquo;Avignon<\/span><span style=\"font-family: Calibri;\"><br \/>\n<\/span> <\/b> <span style=\"font-family: Calibri;\">L&rsquo;association AGORA Caf\u00e9 politique organise samedi 9 juillet une journ\u00e9e sur le th\u00e8me de l&rsquo;engagement citoyen autour de St\u00e9phane Hessel.<br \/>\nTrois temps forts :<\/span><\/p>\n<ul>\n<li><span style=\"font-family: Calibri;\">10h \/ 12h30 : projection-d\u00e9bat au cin\u00e9ma Utopia de <i>Walter, Retour en r\u00e9sistance<\/i> en pr\u00e9sence du r\u00e9alisateur Gilles Perret, de St\u00e9phane Hessel et Gilles Vanderpooten.<\/span><\/li>\n<li><span style=\"font-family: Calibri;\">12h30 \/ 13h30 : d\u00e9dicace du livre Engagez-vous ! en partenariat avec la librairie La M\u00e9moire du Monde.<\/span><\/li>\n<li><span style=\"font-family: Calibri;\">16h30 \/ 19h : Conf\u00e9rence dans la Cour de la Maison Jean Vilar : \u00ab\u00a0Radiographie de la conscience de l&rsquo;int\u00e9r\u00eat g\u00e9n\u00e9ral\u00a0\u00bb avec St\u00e9phane Hessel, Emmanuel Ethis (sociologue et pr\u00e9sident de l&rsquo;Universit\u00e9 d&rsquo;Avignon), Patrick Guivarch et Jacques Thephany (respectivement directeurs des cin\u00e9mas Utopia d&rsquo;Avignon et de la Maison Jean Vilar), Doroth\u00e9e Yven (du collectif \u00ab\u00a0Droits des femmes\u00a0\u00bb et de l&rsquo;Observatoire de la la\u00efcit\u00e9 de Provence), Gilles Vanderpooten (Engagez-vous! et Vive l&rsquo;avenir), Hassan Razak (compagnie Onstap) et Alain Dedieu (Caf\u00e9 des sciences), et l&rsquo;artiste slameur Dizzylez.<\/span><\/li>\n<\/ul>\n<\/td>\n<td valign=\"top\" width=\"87%\" height=\"1\"><\/td>\n<\/tr>\n<tr>\n<td valign=\"top\" width=\"19%\" height=\"15\"><\/td>\n<td valign=\"top\" width=\"77%\" height=\"15\"><\/td>\n<td valign=\"top\" width=\"87%\" height=\"15\"><\/td>\n<\/tr>\n<tr>\n<td valign=\"top\" width=\"19%\" height=\"7\"><span style=\"font-family: Calibri;\">1er au 3 juillet 2011<br \/>\nLYON<\/span><\/td>\n<td valign=\"top\" width=\"77%\" height=\"7\"><span style=\"font-family: Calibri;\">Lyon, Parc de la T\u00eate d&rsquo;Or<br \/>\n<\/span> <b><span style=\"font-family: Calibri;\">Dialogues en humanit\u00e9 &#8211; Pour une politique de l&rsquo;humanit\u00e9 : quelle France et\u00a0quelle Europe\u00a0\u00e0 l&rsquo;oeuvre ?<\/span><span style=\"font-family: Calibri;\"><br \/>\n<\/span> <\/b><span style=\"font-family: Calibri;\">Aux c\u00f4t\u00e9s d&rsquo;Edgar Morin, Patrick Viveret, Albert Jacquard, Claude Alphand\u00e9ry, Jean-Baptiste de Foucauld, Serge Latouche, etc.<br \/>\nGilles Vanderpooten participera dimanche 3 juillet \u00e0 l&rsquo;animation de la \u00ab\u00a0Rencontre des r\u00e9pondants\u00a0\u00bb sur le th\u00e8me \u00ab\u00a0Quelles r\u00e9ponses aux appels de St\u00e9phane Hessel, Edgar Morin, Claude Alphand\u00e9ry ?\u00a0\u00bb.<\/span><\/td>\n<td valign=\"top\" width=\"87%\" height=\"7\"><\/td>\n<\/tr>\n<tr>\n<td valign=\"top\" width=\"19%\" height=\"15\"><\/td>\n<td valign=\"top\" width=\"77%\" height=\"15\"><\/td>\n<td valign=\"top\" width=\"87%\" height=\"15\"><\/td>\n<\/tr>\n<tr>\n<td valign=\"top\" width=\"19%\" height=\"15\"><span style=\"font-family: Calibri;\">28 mai 2011<b><br \/>\n<\/b>PARIS<\/span><\/td>\n<td valign=\"top\" width=\"77%\" height=\"15\"><b> <span style=\"font-family: Calibri;\">\u00ab\u00a0Ils mettent en accord leurs actes avec leurs valeurs\u2026 pourquoi pas nous ?\u00a0\u00bb\u00a0\u00a0<\/span><span style=\"font-family: Calibri;\"><br \/>\n<\/span><\/b> <span style=\"font-family: Calibri;\">Conf\u00e9rence anim\u00e9e par Henri Weill, avec Elisabeth Laville (Utopie), Gilles Vanderpooten (Engagez-vous !), Thomas Matagne (Sciences Po environnement), Maud Leli\u00e8vre (Eco Maires).<br \/>\n<\/span><span style=\"font-family: Calibri;\">O\u00f9 ? Cit\u00e9 Internationale Universitaire de Paris\u00a0&#8211; 17\u00a0bd Jourdan\u00a0&#8211; 75014<br \/>\nQuand ? Samedi 28 mai 2011 \u00e0 16h<\/span><\/td>\n<td valign=\"top\" width=\"87%\" height=\"15\"><\/td>\n<\/tr>\n<tr>\n<td valign=\"top\" width=\"19%\" height=\"15\"><\/td>\n<td valign=\"top\" width=\"77%\" height=\"15\"><\/td>\n<td valign=\"top\" width=\"87%\" height=\"15\"><\/td>\n<\/tr>\n<tr>\n<td valign=\"top\" width=\"19%\" height=\"15\"><span style=\"font-family: Calibri;\">16 mai 2011<br \/>\nPARIS<\/span><\/td>\n<td valign=\"top\" width=\"77%\" height=\"15\"><span style=\"font-family: Calibri;\"><b> Conf\u00e9rence<\/b><i> <\/i><b>\u00ab\u00a0De l\u2019indignation \u00e0 la construction politique\u00a0\u00bb<\/b> <\/span> <b> <span style=\"font-family: Calibri;\">&#8211; Conf\u00e9rence-D\u00e9bat autour de Beppe Grillo, avec la participation de Gilles Vanderpooten <\/span> <\/b> <span style=\"font-family: Calibri;\">&#8211; Auteur du livre \u00ab\u00a0Engagez-vous!\u00a0\u00bb avec St\u00e9phane Hessel, aux c\u00f4t\u00e9s de Anne LE STRAT, Pr\u00e9sidente d\u2019Eau de Paris, des \u00e9lus du Movimento 5 Stelle, et de repr\u00e9sentants du Comit\u00e9 \u00ab\u00a0Oui pour le Referendum sur l\u2019eau publique.\u00a0\u00bb<br \/>\nQuand ? Lundi 16 mai 2011 de 18h30\u00a0\u00e0 21h00<br \/>\nO\u00f9 ? Salons de l&rsquo;Aveyron, 17 rue de l&rsquo;Aubrac, 75012 Paris (M\u00e9tro 14 Cour St Emilion)<\/span><\/td>\n<td valign=\"top\" width=\"87%\" height=\"15\"><\/td>\n<\/tr>\n<tr>\n<td valign=\"top\" width=\"19%\" height=\"15\"><\/td>\n<td valign=\"top\" width=\"77%\" height=\"15\"><\/td>\n<td valign=\"top\" width=\"87%\" height=\"15\"><\/td>\n<\/tr>\n<tr>\n<td valign=\"top\" width=\"19%\" height=\"15\"><span style=\"font-family: Calibri;\">7 mai 2011<\/span><\/td>\n<td valign=\"top\" width=\"77%\" height=\"15\"><span style=\"font-family: Calibri;\"><b>St\u00e9phane Hessel parle d&rsquo;Engagez-vous! sur Canal+<\/b><\/span><span style=\"font-family: Calibri;\"><br \/>\nVictor Robert et son \u00e9quipe re\u00e7oivent St\u00e9phane Hessel dans l&rsquo;\u00e9mission \u00ab\u00a0Un autre midi\u00a0\u00bb.<\/span><a href=\"http:\/\/vivelaterre.com\/livres2026\/wp-content\/uploads\/2014\/01\/Canal_autremidi_stephane2.jpg\"><img fetchpriority=\"high\" decoding=\"async\" class=\"alignnone size-full wp-image-7680\" alt=\"Canal_autremidi_stephane2\" src=\"http:\/\/vivelaterre.com\/livres2026\/wp-content\/uploads\/2014\/01\/Canal_autremidi_stephane2.jpg\" width=\"500\" height=\"281\" srcset=\"https:\/\/vivelaterre.com\/livres2026\/wp-content\/uploads\/2014\/01\/Canal_autremidi_stephane2.jpg 500w, https:\/\/vivelaterre.com\/livres2026\/wp-content\/uploads\/2014\/01\/Canal_autremidi_stephane2-300x168.jpg 300w\" sizes=\"(max-width: 500px) 100vw, 500px\" \/><\/a><\/td>\n<td valign=\"top\" width=\"87%\" height=\"15\"><\/td>\n<\/tr>\n<tr>\n<td valign=\"top\" width=\"19%\" height=\"15\"><\/td>\n<td valign=\"top\" width=\"77%\" height=\"15\"><span style=\"font-family: Calibri;\">\u00a0 <\/span><\/td>\n<td valign=\"top\" width=\"87%\" height=\"15\"><\/td>\n<\/tr>\n<tr>\n<td valign=\"top\" width=\"19%\" height=\"15\"><span style=\"font-family: Calibri;\">6 avril 2011<\/span><\/td>\n<td valign=\"top\" width=\"77%\" height=\"15\"><span style=\"color: #ff3300; font-family: Calibri;\"><b> St\u00e9phane Hessel nomin\u00e9 pour le prix Nobel de la paix<\/b><\/span><span style=\"font-family: Calibri;\"> \u00ab\u00a0St\u00e9phane Hessel est nomin\u00e9 pour le prix Nobel de la paix. Il est \u00e9vident qu&rsquo;il se trouve depuis fort longtemps parmi les personnalit\u00e9s qui, par leur engagement, leur courage ont \u00ab\u00a0le plus ou le mieux contribu\u00e9 au rapprochement des peuples, \u00e0 la suppression ou \u00e0 la r\u00e9duction des arm\u00e9es permanentes, \u00e0 la r\u00e9union et \u00e0 la propagation des progr\u00e8s pour la paix\u00a0\u00bb, selon la d\u00e9finition l\u00e9gu\u00e9e par <a href=\"http:\/\/www.lemonde.fr\/sujet\/2ff5\/alfred-nobel.html\"> <span style=\"font-family: Calibri; font-size: small;\">Alfred Nobel<\/span><\/a>.<\/span><\/p>\n<p><span style=\"font-family: Calibri;\"> Choisir un homme dans sa 94e ann\u00e9e devient, par les temps qui courent, hautement symbolique. Force est de constater une pr\u00e9sence accrue des anciens, qui deviennent au travers de leurs ouvrages r\u00e9cents des messagers de cette \u00ab\u00a0ruse de la raison\u00a0\u00bb h\u00e9g\u00e9lienne.<br \/>\nRien de plus fort que de distinguer un pass\u00e9 exemplaire pour pr\u00e9server et promouvoir un avenir digne.<br \/>\nQui d&rsquo;autre que cet homme, St\u00e9phane Hessel, peut autant incarner cette cha\u00eene de g\u00e9n\u00e9rations ? [&#8230;]\u00a0\u00bb<\/span><\/p>\n<p>&gt; <a href=\"http:\/\/www.lemonde.fr\/idees\/article\/2011\/04\/05\/le-prix-nobel-pour-stephane-hessel_1503267_3232.html\"> <span style=\"font-family: Calibri;\">Lire l&rsquo;appel d&rsquo;Edgar Morin, Michel Rocard, Peter Sloterdijk et Richard von Weizs\u00e4cker, membres du Collegium International<\/span><\/a><\/td>\n<td valign=\"top\" width=\"87%\" height=\"15\"><\/td>\n<\/tr>\n<tr>\n<td valign=\"top\" width=\"19%\" height=\"19\"><\/td>\n<td valign=\"top\" width=\"77%\" height=\"19\"><\/td>\n<td valign=\"top\" width=\"87%\" height=\"19\"><\/td>\n<\/tr>\n<tr>\n<td valign=\"top\" width=\"19%\" height=\"98\"><span style=\"font-family: Calibri;\">24 mars 2011<\/span><\/td>\n<td valign=\"top\" width=\"77%\" height=\"98\"><span style=\"font-family: Calibri;\"><b>Lib\u00e9ration : \u00ab\u00a0Engagez-vous !\u00a0\u00bb n\u00b02 des ventes de livres en France<\/b><\/span><span style=\"font-family: Calibri;\"><br \/>\n\u00ab\u00a0Dans ses entretiens avec le jeune Gilles Vanderpooten, Engagez-vous\u00a0! le formidable St\u00e9phane Hessel, n\u00e9 en octobre 1917 (il le rappelle volontiers pour expliquer qu\u2019il n\u2019est pas r\u00e9volutionnaire), prolonge son best-seller pr\u00e9c\u00e9dent\u00a0: \u00abIl ne suffit pas de s\u2019indigner de \u00ab\u00a0l\u2019injustice du monde\u00a0\u00bb, comme s\u2019il s\u2019agissait d\u2019un vaste panorama\u2026 Tr\u00e8s concr\u00e8tement, l\u2019injustice se pr\u00e9sente \u00e0 ma porte, l\u00e0, tout de suite. [\u2026] Cette diff\u00e9rence entre les tr\u00e8s riches et les tr\u00e8s pauvres qui suscite mon indignation peut me mener \u00e0 une action concr\u00e8te.\u00bb\u00a0\u00bb<\/span><\/td>\n<td valign=\"top\" width=\"87%\" height=\"98\"><\/td>\n<\/tr>\n<tr>\n<td valign=\"top\" width=\"19%\" height=\"19\"><\/td>\n<td valign=\"top\" width=\"77%\" height=\"19\"><\/td>\n<td valign=\"top\" width=\"87%\" height=\"19\"><\/td>\n<\/tr>\n<tr>\n<td valign=\"top\" width=\"19%\" height=\"19\"><span style=\"font-family: Calibri;\">24 mars 2011<\/span><\/td>\n<td valign=\"top\" width=\"77%\" height=\"19\"><b><span style=\"font-family: Calibri;\">St\u00e9phane Hessel parle d&rsquo;Engagez-vous! et d&rsquo;Indignez-vous! sur TSR (T\u00e9l\u00e9vision Suisse Romande)<\/span><\/b><\/td>\n<td valign=\"top\" width=\"87%\" height=\"19\"><\/td>\n<\/tr>\n<tr>\n<td valign=\"top\" width=\"19%\" height=\"356\"><\/td>\n<td valign=\"top\" width=\"77%\" height=\"356\"><span style=\"font-family: Calibri;\">\u00a0 <\/span><object style=\"width: 608px; height: 342px;\" width=\"320\" height=\"240\" classid=\"clsid:d27cdb6e-ae6d-11cf-96b8-444553540000\" codebase=\"http:\/\/download.macromedia.com\/pub\/shockwave\/cabs\/flash\/swflash.cab#version=6,0,40,0\"><param name=\"allowFullScreen\" value=\"true\" \/><param name=\"allowScriptAccess\" value=\"always\" \/><param name=\"src\" value=\"http:\/\/www.tsr.ch\/v\/embed\/CZur\" \/><param name=\"allowfullscreen\" value=\"true\" \/><param name=\"allowscriptaccess\" value=\"always\" \/><embed style=\"width: 608px; height: 342px;\" width=\"320\" height=\"240\" type=\"application\/x-shockwave-flash\" src=\"http:\/\/www.tsr.ch\/v\/embed\/CZur\" allowFullScreen=\"true\" allowScriptAccess=\"always\" allowfullscreen=\"true\" allowscriptaccess=\"always\" \/><a href=\"http:\/\/www.tsr.ch\/video\/info\/journal-19h30\/2998001-entretien-avec-stephane-hessel-ancien-resistant-auteur-du-livre-a-succes-intitule-indignez-vous.html\"><img decoding=\"async\" src=\"http:\/\/www.tsr.ch\/2011\/03\/05\/20\/37\/2998000.image?w=480&amp;h=270\" style=\"display:block\" width=\"608\" height=\"342\" alt=\"\" \/><\/a><\/object><\/td>\n<td valign=\"top\" width=\"87%\" height=\"356\"><\/td>\n<\/tr>\n<tr>\n<td valign=\"top\" width=\"19%\" height=\"19\"><\/td>\n<td valign=\"top\" width=\"77%\" height=\"19\"><\/td>\n<td valign=\"top\" width=\"87%\" height=\"19\"><\/td>\n<\/tr>\n<tr>\n<td valign=\"top\" width=\"19%\" height=\"61\"><span style=\"font-family: Calibri;\">18 mars 2011<\/span><\/td>\n<td valign=\"top\" width=\"77%\" height=\"61\"><span style=\"font-family: Calibri;\"><span style=\"color: #ff3300;\"><b>L&rsquo;Express : \u00ab\u00a0Trois ouvrages on ne peut plus diff\u00e9rents font une entr\u00e9e fracassante dans le palmar\u00e8s de L&rsquo;Express [&#8230;] J\u00e9sus du pape Beno\u00eet XVI [&#8230;] Off. Ce que Nicolas Sarkozy n&rsquo;aurait jamais d\u00fb nous dire et&#8230;.Engagez-vous ! (L&rsquo;Aube), livre d&rsquo;entretiens entre deux jeunes hommes, St\u00e9phane Hessel (90 ans pass\u00e9s) et Gilles Vanderpooten\u00a0 (25 ans)&#8230; <\/b> <\/span> <a href=\"http:\/\/www.lexpress.fr\/culture\/livre\/jesus-de-nazareth-fait-des-miracles-dans-le-palmares_973724.html\"> <span style=\"color: #ff3300; font-size: medium;\">[+]<\/span><\/a><\/span><\/td>\n<td valign=\"top\" width=\"87%\" height=\"61\"><\/td>\n<\/tr>\n<tr>\n<td valign=\"top\" width=\"19%\" height=\"19\"><\/td>\n<td valign=\"top\" width=\"77%\" height=\"19\"><\/td>\n<td valign=\"top\" width=\"87%\" height=\"19\"><\/td>\n<\/tr>\n<tr>\n<td valign=\"top\" width=\"19%\" height=\"30\"><span style=\"font-family: Calibri;\">31 mars 2011<\/span><\/td>\n<td valign=\"top\" width=\"77%\" height=\"30\"><span style=\"font-family: Calibri;\"><b> \u00ab\u00a0D\u00e9veloppement durable : droit dans le mur ou droit dans le futur ?\u00a0\u00bb<\/b><\/span><span style=\"font-family: Calibri;\"> au Parc des expositions de Laval, \u00e0 l&rsquo;initiative de l&rsquo;\u00e9cole de commerce de la Mayenne Antaxia. Gilles Vanderpooten interviendra.<\/span><\/td>\n<td valign=\"top\" width=\"87%\" height=\"30\"><\/td>\n<\/tr>\n<tr>\n<td valign=\"top\" width=\"19%\" height=\"19\"><\/td>\n<td valign=\"top\" width=\"77%\" height=\"19\"><\/td>\n<td valign=\"top\" width=\"87%\" height=\"19\"><\/td>\n<\/tr>\n<tr>\n<td valign=\"top\" width=\"19%\" height=\"30\"><span style=\"font-family: Calibri;\">22 mars 2011<\/span><\/td>\n<td valign=\"top\" width=\"77%\" height=\"30\"><span style=\"font-family: Calibri;\"><b> Conf\u00e9rence-discussion \u00ab\u00a0De l&rsquo;indignation \u00e0 l&rsquo;engagement\u00a0\u00bb <\/b><\/span> <span style=\"font-family: Calibri;\">\u00e0 Audencia, \u00e9cole sup\u00e9rieure de commerce de Nantes, organis\u00e9e par l&rsquo;association Isegoria, avec Gilles Vanderpooten.<\/span><\/td>\n<td valign=\"top\" width=\"87%\" height=\"30\"><\/td>\n<\/tr>\n<tr>\n<td valign=\"top\" width=\"19%\" height=\"19\"><\/td>\n<td valign=\"top\" width=\"77%\" height=\"19\"><\/td>\n<td valign=\"top\" width=\"87%\" height=\"19\"><\/td>\n<\/tr>\n<tr>\n<td valign=\"top\" width=\"19%\" height=\"30\"><span style=\"font-family: Calibri;\">18 mars 2011<\/span><\/td>\n<td valign=\"top\" width=\"77%\" height=\"30\"><span style=\"font-family: Calibri;\"><b>St\u00e9phane Hessel et Gilles Vanderpooten en d\u00e9dicace au salon du livre de Paris pour \u00ab\u00a0Engagez-vous !\u00a0\u00bb<\/b> Les deux auteurs signent leur ouvrage sur le stand des \u00e9ditions de l&rsquo;Aube (U42) \u00e0 20h30.<\/span><\/td>\n<td valign=\"top\" width=\"87%\" height=\"30\"><\/td>\n<\/tr>\n<tr>\n<td valign=\"top\" width=\"19%\" height=\"19\"><\/td>\n<td valign=\"top\" width=\"77%\" height=\"19\"><\/td>\n<td valign=\"top\" width=\"87%\" height=\"19\"><\/td>\n<\/tr>\n<tr>\n<td valign=\"top\" width=\"19%\" height=\"45\"><span style=\"font-family: Calibri;\">11 mars <\/span> <span style=\"font-family: Calibri;\"> 2011<\/span><\/td>\n<td valign=\"top\" width=\"77%\" height=\"45\">\n<p dir=\"ltr\"><b> <span style=\"font-family: Calibri;\">Le Soir (Belgique) : \u00ab\u00a0Engagez-vous\u00a0\u00bb apr\u00e8s l&rsquo;indignation<\/span><span style=\"font-family: Calibri;\"><br \/>\n\u00ab\u00a0<\/span><\/b><span style=\"font-family: Calibri;\">St\u00e9phane Hessel plus en profondeur dans un nouvel opus. L&rsquo;ancien r\u00e9sistant s&rsquo;entretient avec Gilles Vanderpooten\u00a0\u00bb<\/span><\/p>\n<\/td>\n<td valign=\"top\" width=\"87%\" height=\"45\"><\/td>\n<\/tr>\n<tr>\n<td valign=\"top\" width=\"19%\" height=\"19\"><\/td>\n<td valign=\"top\" width=\"77%\" height=\"19\"><\/td>\n<td valign=\"top\" width=\"87%\" height=\"19\"><\/td>\n<\/tr>\n<tr>\n<td valign=\"top\" width=\"19%\" height=\"19\"><span style=\"font-family: Calibri;\">10 mars 2011<\/span><\/td>\n<td valign=\"top\" width=\"77%\" height=\"19\"><b><span style=\"color: #ff3300; font-family: Calibri;\">\u00ab\u00a0Engagez-vous !\u00a0\u00bb sort aujourd&rsquo;hui en librairie. St\u00e9phane Hessel parle du livre au journal L&rsquo;Express<\/span><\/b><\/td>\n<td valign=\"top\" width=\"87%\" height=\"19\"><\/td>\n<\/tr>\n<tr>\n<td valign=\"top\" width=\"19%\" height=\"284\"><\/td>\n<td valign=\"top\" width=\"77%\" height=\"284\"><object id=\"flashObj\" width=\"480\" height=\"270\" classid=\"clsid:d27cdb6e-ae6d-11cf-96b8-444553540000\" codebase=\"http:\/\/download.macromedia.com\/pub\/shockwave\/cabs\/flash\/swflash.cab#version=6,0,40,0\" bgcolor=\"#FFFFFF\"><param name=\"flashVars\" value=\"videoId=820307991001&amp;playerID=111591373001&amp;playerKey=AQ~~,AAAAF8iFk0k~,DLJz4w44-zp9kL3E7jvY3cNK_WF8C4lR&amp;domain=embed&amp;dynamicStreaming=true\" \/><param name=\"base\" value=\"http:\/\/admin.brightcove.com\" \/><param name=\"seamlesstabbing\" value=\"false\" \/><param name=\"allowFullScreen\" value=\"true\" \/><param name=\"swLiveConnect\" value=\"true\" \/><param name=\"allowScriptAccess\" value=\"always\" \/><param name=\"src\" value=\"http:\/\/c.brightcove.com\/services\/viewer\/federated_f9?isVid=1&amp;isUI=1\" \/><param name=\"flashvars\" value=\"videoId=820307991001&amp;playerID=111591373001&amp;playerKey=AQ~~,AAAAF8iFk0k~,DLJz4w44-zp9kL3E7jvY3cNK_WF8C4lR&amp;domain=embed&amp;dynamicStreaming=true\" \/><param name=\"allowfullscreen\" value=\"true\" \/><param name=\"allowscriptaccess\" value=\"always\" \/><param name=\"swliveconnect\" value=\"true\" \/><param name=\"pluginspage\" value=\"http:\/\/www.macromedia.com\/shockwave\/download\/index.cgi?P1_Prod_Version=ShockwaveFlash\" \/><embed id=\"flashObj\" width=\"480\" height=\"270\" type=\"application\/x-shockwave-flash\" src=\"http:\/\/c.brightcove.com\/services\/viewer\/federated_f9?isVid=1&amp;isUI=1\" flashVars=\"videoId=820307991001&amp;playerID=111591373001&amp;playerKey=AQ~~,AAAAF8iFk0k~,DLJz4w44-zp9kL3E7jvY3cNK_WF8C4lR&amp;domain=embed&amp;dynamicStreaming=true\" base=\"http:\/\/admin.brightcove.com\" seamlesstabbing=\"false\" allowFullScreen=\"true\" swLiveConnect=\"true\" allowScriptAccess=\"always\" flashvars=\"videoId=820307991001&amp;playerID=111591373001&amp;playerKey=AQ~~,AAAAF8iFk0k~,DLJz4w44-zp9kL3E7jvY3cNK_WF8C4lR&amp;domain=embed&amp;dynamicStreaming=true\" allowfullscreen=\"true\" allowscriptaccess=\"always\" swliveconnect=\"true\" pluginspage=\"http:\/\/www.macromedia.com\/shockwave\/download\/index.cgi?P1_Prod_Version=ShockwaveFlash\" bgcolor=\"#FFFFFF\" \/><\/object><\/td>\n<td valign=\"top\" width=\"87%\" height=\"284\"><\/td>\n<\/tr>\n<tr>\n<td valign=\"top\" width=\"19%\" height=\"30\"><span style=\"font-family: Calibri;\">7 mars <\/span> <span style=\"font-family: Calibri;\"> 2011<\/span><\/td>\n<td valign=\"top\" width=\"77%\" height=\"30\">\n<p dir=\"ltr\"><span style=\"color: #ff3300; font-family: Calibri;\"><b>St\u00e9phane Hessel et Gilles Vanderpooten sur France 3 pr\u00e9sentent leur ouvrage \u00ab\u00a0Engagez-vous !\u00a0\u00bb dans \u00ab\u00a0Ce soir ou jamais\u00a0\u00bb anim\u00e9 par Fr\u00e9d\u00e9ric Tadd\u00e9i<\/b><\/span><\/p>\n<\/td>\n<td valign=\"top\" width=\"87%\" height=\"30\"><\/td>\n<\/tr>\n<tr>\n<td valign=\"top\" width=\"19%\" height=\"19\"><\/td>\n<td valign=\"top\" width=\"77%\" height=\"19\"><\/td>\n<td valign=\"top\" width=\"87%\" height=\"19\"><\/td>\n<\/tr>\n<tr>\n<td valign=\"top\" width=\"19%\" height=\"19\"><\/td>\n<td valign=\"top\" width=\"77%\" height=\"19\"><\/td>\n<td valign=\"top\" width=\"87%\" height=\"19\"><\/td>\n<\/tr>\n<tr>\n<td valign=\"top\" width=\"19%\" height=\"30\"><span style=\"font-family: Calibri;\">24 f\u00e9vrier <\/span> <span style=\"font-family: Calibri;\"> 2011<\/span><\/td>\n<td valign=\"top\" width=\"77%\" height=\"30\">\n<p dir=\"ltr\"><span style=\"font-family: Calibri;\"><b><span style=\"color: #ff3300;\">St\u00e9phane Hessel : le Nouvel Observateur publie en avant-premi\u00e8re \u00ab\u00a0les extraits de son nouveau livre\u00a0\u00bb, Engagez-vous !<\/span> <\/b>Un ouvrage d&rsquo;entretiens avec Gilles Vanderpooten, \u00e0 para\u00eetre le 10 mars 2011 aux Editions de l&rsquo;Aube.<\/span><\/p>\n<\/td>\n<td valign=\"top\" width=\"87%\" height=\"30\"><\/td>\n<\/tr>\n<tr>\n<td valign=\"top\" width=\"19%\" height=\"611\"><\/td>\n<td valign=\"top\" width=\"77%\" height=\"611\">\u00a0<a href=\"http:\/\/vivelaterre.com\/livres2026\/wp-content\/uploads\/2014\/01\/SH_NouvelObs.jpg\"><img decoding=\"async\" class=\"alignnone size-full wp-image-7681\" alt=\"SH_NouvelObs\" src=\"http:\/\/vivelaterre.com\/livres2026\/wp-content\/uploads\/2014\/01\/SH_NouvelObs.jpg\" width=\"468\" height=\"611\" srcset=\"https:\/\/vivelaterre.com\/livres2026\/wp-content\/uploads\/2014\/01\/SH_NouvelObs.jpg 468w, https:\/\/vivelaterre.com\/livres2026\/wp-content\/uploads\/2014\/01\/SH_NouvelObs-229x300.jpg 229w\" sizes=\"(max-width: 468px) 100vw, 468px\" \/><\/a><\/td>\n<td valign=\"top\" width=\"87%\" height=\"611\"><\/td>\n<\/tr>\n<tr>\n<td valign=\"top\" width=\"19%\" height=\"45\"><span style=\"font-family: Calibri;\"> Dimanche 20 Mars 2011<\/span><\/td>\n<td valign=\"top\" width=\"77%\" height=\"45\"><span style=\"font-family: Calibri;\"><i>Rendez-vous : <\/i> <\/span> <span style=\"font-family: Calibri;\"><b>Salon Vivre Autrement &#8211; Conf\u00e9rence \u00ab\u00a0L&rsquo;Appel de la jeunesse : une vision pour l&rsquo;avenir ?\u00a0\u00bb<br \/>\n<\/b> Parc Floral de Paris, Paris 12e &#8211; Bois de Vincennes &#8211; 16h00<br \/>\n<\/span><span style=\"font-family: Calibri;\">&gt; <\/span><span style=\"font-family: Calibri; font-size: small;\"> <a href=\"http:\/\/www.salon-vivreautrement.com\/visiteur_programme_conf.php\"> <span style=\"text-decoration: underline;\"><span style=\"font-family: Calibri;\">Le programme<\/span><\/span><\/a><\/span><\/td>\n<td valign=\"top\" width=\"87%\" height=\"45\"><\/td>\n<\/tr>\n<tr>\n<td valign=\"top\" width=\"19%\" height=\"368\"><span style=\"font-family: Calibri;\">Dimanche 13 Mars 2011<\/span><\/td>\n<td valign=\"top\" width=\"77%\" height=\"368\"><span style=\"font-family: Calibri;\"> <b>Festival Textes et Voix &#8211; <\/b> <\/span> <b> L\u2019indignation\u00a0: et apr\u00e8s\u00a0?<\/b><span style=\"font-family: Calibri;\"><b><br \/>\n<\/b><\/span><\/p>\n<table width=\"335\" border=\"0\" cellspacing=\"0\" cellpadding=\"5\" align=\"right\">\n<tbody>\n<tr>\n<td width=\"350\">\u00a0<a href=\"http:\/\/vivelaterre.com\/livres2026\/wp-content\/uploads\/2014\/01\/texteetvoix_lalanne_alleg_v.gif\"><img loading=\"lazy\" decoding=\"async\" class=\"alignnone size-full wp-image-7682\" alt=\"texteetvoix_lalanne_alleg_v\" src=\"http:\/\/vivelaterre.com\/livres2026\/wp-content\/uploads\/2014\/01\/texteetvoix_lalanne_alleg_v.gif\" width=\"350\" height=\"128\" \/><\/a><\/td>\n<\/tr>\n<tr>\n<td width=\"350\"><span style=\"font-family: Calibri;\"> Francis Lalanne, Henri Alleg et Gilles Vanderpooten invit\u00e9s du Festival Textes et Voix<\/span><\/td>\n<\/tr>\n<\/tbody>\n<\/table>\n<p><span style=\"font-family: Calibri;\"> Studio Raspail, 216 boulevard Raspail<wbr \/>, Paris 14e, M\u00e9tro Vavin<\/span><\/p>\n<p><span style=\"font-family: Calibri;\">15h30<\/span><\/p>\n<p>&nbsp;<\/p>\n<p>Lectures interpr\u00e9t\u00e9es par Ivan Morane et Francis Lalanne. D\u00e9bat anim\u00e9 par Jean-Pierre Gu\u00e9no avec Henri Alleg, Francis Lalanne et Gilles Vanderpooten<\/p>\n<p>&nbsp;<\/p>\n<p>Quand on chasse l\u2019humain, quand une certaine forme d\u2019ali\u00e9nation progresse \u00e0 pas feutr\u00e9s, il arrive que l\u2019humanisme rejaillisse au galop, dans un sursaut de r\u00e9volte et d\u2019indignation, et que la parole soit un cri venu du fond de l\u2019\u00e2me\u2026\u00a0 Les mots deviennent alors les armes de la r\u00e9sistance et de l\u2019esp\u00e9rance.\u00a0 Des mots qui prennent voix pour mieux ouvrir la voie.<\/p>\n<p>Alors que le livre de St\u00e9phane Hessel\u00a0<i>Indignez-vous<\/i>\u00a0continue \u00e0 conna\u00eetre un incroyable succ\u00e8s, une question se pose\u00a0: comment transformer les essais marqu\u00e9s par les \u00ab\u00a0indign\u00e9s\u00a0\u00bb\u00a0? Comment \u00e9voluer du sursaut vers l\u2019action viable, concr\u00e8te\u00a0et constructive ?<\/p>\n<p>Pour pigmenter ce d\u00e9bat d\u2019actualit\u00e9, le Festival\u00a0<b>Textes et voix<\/b>, la Fondation d\u2019entreprise La Poste, et la Soci\u00e9t\u00e9 Litt\u00e9raire de La Poste et France T\u00e9l\u00e9com ont demand\u00e9 \u00e0 trois auteurs de lettres ouvertes de venir confronter leurs exp\u00e9riences.<\/p>\n<p>&nbsp;<\/p>\n<p><b>Henri Alleg<\/b>\u00a0pour son livre\u00a0<i>La Question<\/i>\u00a0publi\u00e9 aux Editions de minuit en 1958.<\/p>\n<p><b>Francis Lalanne<\/b>\u00a0pour son livre\u00a0<i>Mise en demeure<\/i>\u00a0publi\u00e9 aux Editions Jean-Claude Gawsewitch\u00a0 en Avril 2009<\/p>\n<p><b>Gilles Vanderpooten<\/b>\u00a0pour son livre cosign\u00e9 avec\u00a0<b>St\u00e9phane Hessel<\/b>\u00a0<i>Engagez-vous !<\/i>\u00a0 qui sera publi\u00e9 aux Editions de l\u2019Aube en Mars 2011.<\/p>\n<p>&nbsp;<\/p>\n<p><span style=\"font-family: Calibri;\">&gt; <\/span> <span style=\"font-family: Calibri; font-size: small;\"> <a href=\"http:\/\/www.festival-textes-et-voix.3clic.fr\"><span style=\"text-decoration: underline;\"> <span style=\"font-family: Calibri;\">Le programme complet du festival<\/span><\/span><\/a><\/span><\/td>\n<td valign=\"top\" width=\"87%\" height=\"368\"><\/td>\n<\/tr>\n<tr>\n<td valign=\"top\" width=\"19%\" height=\"61\"><span style=\"font-family: Calibri;\">Dimanche 30 janvier 2011<\/span><\/td>\n<td valign=\"top\" width=\"77%\" height=\"61\"><span style=\"font-family: Calibri;\"> <b>Festival du livre d\u00e9veloppement durable de Levallois Perret<\/b><br \/>\nGilles Vanderpooten pr\u00e9sentera le livre \u00ab\u00a0<a href=\"http:\/\/www.tourdefrance.vivelaterre.org\"><span style=\"font-family: Calibri; font-size: small;\">Le Tour de France du d\u00e9veloppement durable<\/span><\/a>\u00a0\u00bb (\u00e9ditions Alternatives) aux c\u00f4t\u00e9s de l&rsquo;\u00e9crivain Sylvain Allemand et\u00a0 du journaliste Jean-Marc Lorach.<br \/>\nConf\u00e9rence-d\u00e9bat-d\u00e9dicace \u00e0 11h30.<\/span><\/td>\n<\/tr>\n<\/tbody>\n<\/table>\n","protected":false},"excerpt":{"rendered":"<p>&nbsp; 24 d\u00e9cembre 2011 \u00ab\u00a0St\u00e9phane Hessel, gentleman indign\u00e9\u00a0\u00bb : un article d&rsquo;Annick Cojean dans Le Monde magazine \u00ab\u00a0UN PH\u00c9NOM\u00c8NE sans pr\u00e9c\u00e9dent qui, en l&rsquo;absence de droits d&rsquo;auteur auxquels St\u00e9phane Hessel a renonc\u00e9, permet aux \u00e9diteurs de distribuer des aides \u00e0 des associations sous forme de m\u00e9c\u00e9nat. Un ph\u00e9nom\u00e8ne de soci\u00e9t\u00e9 sur lequel se penchent d\u00e9j\u00e0 [&hellip;]<\/p>\n","protected":false},"author":1,"featured_media":0,"comment_status":"open","ping_status":"open","sticky":false,"template":"","format":"standard","meta":{"_acf_changed":false,"footnotes":""},"categories":[75],"tags":[],"class_list":["post-7679","post","type-post","status-publish","format-standard","hentry","category-rendez-vous"],"acf":[],"_links":{"self":[{"href":"https:\/\/vivelaterre.com\/livres2026\/wp-json\/wp\/v2\/posts\/7679","targetHints":{"allow":["GET"]}}],"collection":[{"href":"https:\/\/vivelaterre.com\/livres2026\/wp-json\/wp\/v2\/posts"}],"about":[{"href":"https:\/\/vivelaterre.com\/livres2026\/wp-json\/wp\/v2\/types\/post"}],"author":[{"embeddable":true,"href":"https:\/\/vivelaterre.com\/livres2026\/wp-json\/wp\/v2\/users\/1"}],"replies":[{"embeddable":true,"href":"https:\/\/vivelaterre.com\/livres2026\/wp-json\/wp\/v2\/comments?post=7679"}],"version-history":[{"count":2,"href":"https:\/\/vivelaterre.com\/livres2026\/wp-json\/wp\/v2\/posts\/7679\/revisions"}],"predecessor-version":[{"id":7688,"href":"https:\/\/vivelaterre.com\/livres2026\/wp-json\/wp\/v2\/posts\/7679\/revisions\/7688"}],"wp:attachment":[{"href":"https:\/\/vivelaterre.com\/livres2026\/wp-json\/wp\/v2\/media?parent=7679"}],"wp:term":[{"taxonomy":"category","embeddable":true,"href":"https:\/\/vivelaterre.com\/livres2026\/wp-json\/wp\/v2\/categories?post=7679"},{"taxonomy":"post_tag","embeddable":true,"href":"https:\/\/vivelaterre.com\/livres2026\/wp-json\/wp\/v2\/tags?post=7679"}],"curies":[{"name":"wp","href":"https:\/\/api.w.org\/{rel}","templated":true}]}}