{"id":7684,"date":"2011-01-26T20:51:26","date_gmt":"2011-01-26T19:51:26","guid":{"rendered":"http:\/\/vivelaterre.com\/livres2026\/?p=7684"},"modified":"2014-01-26T20:53:25","modified_gmt":"2014-01-26T19:53:25","slug":"actualites-2008-2010","status":"publish","type":"post","link":"https:\/\/vivelaterre.com\/livres2026\/2011\/01\/actualites-2008-2010\/","title":{"rendered":"Actualit\u00e9s 2008-2010"},"content":{"rendered":"<table width=\"100%\" border=\"0\" cellspacing=\"0\" cellpadding=\"4\">\n<tbody>\n<tr>\n<td valign=\"top\" bgcolor=\"#D4D2D2\" width=\"15%\" height=\"1\"><strong><span style=\"font-size: small;\"> Archives 2008\/2010<\/span><\/strong><\/td>\n<td valign=\"top\" bgcolor=\"#D4D2D2\" width=\"81%\" height=\"1\"><\/td>\n<td valign=\"top\" bgcolor=\"#D4D2D2\" width=\"87%\" height=\"1\"><\/td>\n<\/tr>\n<\/tbody>\n<\/table>\n<table width=\"100%\" border=\"0\" cellspacing=\"4\" cellpadding=\"4\">\n<tbody>\n<tr>\n<td valign=\"top\" width=\"9%\" height=\"1\"><span style=\"font-family: Calibri;\"> Samedi 4 d\u00e9cembre 2010, 16h<\/span><\/td>\n<td valign=\"top\" width=\"53%\" height=\"1\"><span style=\"font-family: Calibri;\"><b>Salon Plan\u00e8te mode d&#8217;emploi<\/b><br \/>\n<\/span><span style=\"font-family: Calibri;\"> D\u00e9dicace \u00ab\u00a0<a href=\"http:\/\/www.tourdefrance.vivelaterre.org\"><span style=\"font-family: Calibri; font-size: small;\">Le Tour de France du d\u00e9veloppement durable<\/span><\/a>\u00ab\u00a0, \u00e9ditions Alternatives.<\/span><\/td>\n<\/tr>\n<tr>\n<td valign=\"top\" width=\"9%\" height=\"1\"><span style=\"font-family: Calibri;\">Vendredi 26 novembre 2010<\/span><\/td>\n<td valign=\"top\" width=\"53%\" height=\"1\"><span style=\"font-family: Calibri;\"> <b>World Forum de Lille<\/b><br \/>\nD\u00e9dicace \u00ab\u00a0<a href=\"http:\/\/www.tourdefrance.vivelaterre.org\"><span style=\"font-family: Calibri; font-size: small;\">Le Tour de France du d\u00e9veloppement durable<\/span><\/a>\u00ab\u00a0, \u00e9ditions Alternatives.<\/span><\/td>\n<\/tr>\n<tr>\n<td valign=\"top\" width=\"9%\" height=\"1\"><span style=\"font-family: Calibri;\"> Septembre-D\u00e9cembre 2010<\/span><\/td>\n<td valign=\"top\" width=\"53%\" height=\"1\"><span style=\"font-family: Calibri;\"> <strong>Publication du \u00ab\u00a0Tour de France du d\u00e9veloppement durable\u00a0\u00bb aux \u00e9ditions Alternatives le 9 septembre 2010.<br \/>\nS\u00e9ances de d\u00e9dicaces, interventions, rencontres&#8230;<br \/>\nToutes les infos sur le nouveau site de l&rsquo;ouvrage !<br \/>\n<\/strong>&gt;<\/span><b> <span style=\"font-family: Verdana;\"> <a href=\"http:\/\/www.vivelaterre.com\/tourdefrance\"> <span style=\"font-family: Calibri; font-size: small;\">www.vivelaterre.com\/tourdefrance<\/span><\/a><\/span> <\/b><\/td>\n<\/tr>\n<tr>\n<td valign=\"top\" width=\"9%\" height=\"1\"><span style=\"font-family: Calibri;\"> Vendredi 2 juillet 2010<\/span><\/td>\n<td valign=\"top\" width=\"53%\" height=\"1\"><span style=\"font-family: Calibri;\"> <b>Vive la Terre sera pr\u00e9sent au ch\u00e2teau de Chaumont-sur-Loire, \u00e0 l&rsquo;occasion <\/b><strong>des \u00ab\u00a0Conversations sous l\u2019arbre\u00a0\u00bb, cycle de r\u00e9flexion sur les relations entre l\u2019homme et son environnement.<\/strong><strong><br \/>\n<\/strong>Informations : <\/span> <a href=\"http:\/\/www.vivelaterre.com\/indibio\/activites\/actualite\/www.domaine-chaumont.fr\" target=\"_blank\"> <span style=\"font-family: Calibri;\"> www.domaine-chaumont.fr<\/span><\/a><\/td>\n<\/tr>\n<tr>\n<td valign=\"top\" width=\"9%\" height=\"1\"><span style=\"font-family: Calibri;\">Juin 2010<\/span><\/td>\n<td valign=\"top\" width=\"53%\" height=\"1\"><span style=\"font-family: Calibri;\"> Vive la Terre soutient Indibio, l&rsquo;Institut pour la diversit\u00e9 biologique<br \/>\nIndibio a \u00e9t\u00e9 cr\u00e9\u00e9 \u00e0 l&rsquo;initiative de J\u00e9romine Pasteur \u00e0 l&rsquo;occasion de l&rsquo;Ann\u00e9e internationale de la biodiversit\u00e9. Dans la continuit\u00e9 du combat men\u00e9 depuis 25 ans par l&rsquo;exploratrice, cette ONG vise \u00e0 prot\u00e9ger la diversit\u00e9 biologique, \u00ab\u00a0ici\u00a0\u00bb en France, et \u00ab\u00a0l\u00e0-bas\u00a0\u00bb notamment en Amazonie o\u00f9 r\u00e9sident les indiens Ashaninkas, sa \u00ab\u00a0seconde famille\u00a0\u00bb.<\/span><\/p>\n<p dir=\"ltr\"><span style=\"font-family: Calibri;\">Pour aller plus loin : <\/span><a href=\"http:\/\/www.indibio.org\"> <span style=\"font-family: Calibri;\">www.indibio.org<\/span><\/a><span style=\"font-family: Calibri;\"> \/ <\/span> <a href=\"http:\/\/www.jerominepasteur.com\"> <span style=\"font-family: Calibri; font-size: small;\">www.jerominepasteur.com<\/span><\/a><\/p>\n<\/td>\n<\/tr>\n<\/tbody>\n<\/table>\n<table width=\"100%\" border=\"0\" cellspacing=\"4\" cellpadding=\"4\">\n<tbody>\n<tr>\n<td valign=\"top\" width=\"9%\" height=\"1\"><span style=\"font-family: Calibri; font-size: small;\">2 avril 2010 &#8211; Paris<\/span><\/td>\n<td valign=\"top\" width=\"53%\" height=\"1\"><span style=\"font-family: Calibri; font-size: small;\"> Vive la Terre s&rsquo;associe <\/span> <span style=\"font-family: Calibri; font-size: small;\">au Tour du monde du d\u00e9veloppement durable, et vous convie le 2 avril 2010 \u00e0 la Cit\u00e9 Internationale Universitaire de Paris<\/span><span style=\"font-size: small;\">Vive la Terre et son \u00ab\u00a0Tour de France du d\u00e9veloppement durable\u00a0\u00bb sont partenaires du magazine Toogezer et de la Cit\u00e9 Internationale Universitaire de Paris dans le cadre de l\u2019organisation du 1er Tour du monde du d\u00e9veloppement durable.<br \/>\nLe vendredi 2 avril 2010, \u00e0 Paris, venez rencontrer des femmes et des hommes de terrain, venus du monde entier, et \u00e9changer avec eux sur les solutions pour un monde plus vert et solidaire\u00a0!<br \/>\nAu menu : d\u00e9bats &amp; focus sur la biodiversit\u00e9 &amp; la solidarit\u00e9 Nord-Sud, carnets de voyages avec les globe-trotters du d\u00e9veloppement durable, exposition num\u00e9rique, march\u00e9 bio &amp; \u00e9quitable, visite de la biodiversit\u00e9 du quartier Montsouris, grand couscous bio, d\u00e9fil\u00e9 de mode &amp; concert.<\/span><\/p>\n<p><span style=\"font-family: Calibri; font-size: small;\">Pour en savoir plus : <\/span> <a href=\"http:\/\/www.toogezer.com\/tour-du-monde-du-dd\"> <span style=\"font-family: Calibri; font-size: small;\">www.toogezer.com\/tour-du-monde-du-dd<\/span><\/a><\/td>\n<\/tr>\n<tr>\n<td valign=\"top\" width=\"9%\" height=\"1\"><span style=\"font-family: Calibri; font-size: small;\">Janvier 2010<\/span><\/td>\n<td valign=\"top\" width=\"53%\" height=\"1\"><span style=\"font-family: Calibri; font-size: small;\"> Vive la Terre est membre fondateur de l&rsquo;Appel de la Jeunesse<br \/>\n<\/span> <span style=\"font-family: Verdana;\"> <a href=\"http:\/\/www.appeldelajeunesse.org\"> <span style=\"font-family: Calibri; font-size: small;\">www.appeldelajeunesse.org<\/span><\/a><\/span><\/td>\n<\/tr>\n<tr>\n<td valign=\"top\" width=\"9%\" height=\"1\"><span style=\"font-family: Calibri; font-size: small;\"> 6\/7\/8 Octobre 2009<\/span><\/td>\n<td valign=\"top\" width=\"53%\" height=\"1\"><span style=\"font-family: Calibri; font-size: small;\">4e \u00e9dition du Festival Eidos du film de l&rsquo;environnement et du d\u00e9veloppement durable&#8230; 4 ans, d\u00e9j\u00e0 !<\/span><span style=\"font-family: Calibri; font-size: small;\">En octobre 2006, certains d&rsquo;entre nous lan\u00e7aient \u00e0 Nantes le premier \u00ab\u00a0Festival du film de l&rsquo;environnement et du d\u00e9veloppement durable\u00a0\u00bb.<br \/>\nUn \u00e9v\u00e8nement p\u00e9renne, qui s&rsquo;est install\u00e9 dans le paysage culturel et \u00e9cologique nantais. Rendez-vous donc les 6, 7 et 8 octobre 2009 pour la 4e ann\u00e9e cons\u00e9cutive ! L&rsquo;\u00e9quipe \u00e9tudiante de l&rsquo;association Eidos vous y attend nombreux.<\/span><span style=\"font-family: Calibri; font-size: small;\">D\u00e9couvrez le programme complet sur <\/span> <span style=\"font-family: Verdana;\"> <a href=\"http:\/\/www.festival-eidos.fr\"> <span style=\"font-family: Calibri; font-size: small;\">www.festival-eidos.fr<\/span><\/a><\/span><\/td>\n<\/tr>\n<tr>\n<td valign=\"top\" width=\"9%\" height=\"1\"><span style=\"font-family: Calibri; font-size: small;\"> Septembre 2009<\/span><\/td>\n<td valign=\"top\" width=\"53%\" height=\"1\"><span style=\"font-family: Calibri; font-size: small;\"><br \/>\nVive la Terre &#8211; L&rsquo;agenda de la rentr\u00e9e<\/span><span style=\"font-family: Calibri; font-size: small;\">Vive la Terre participera et sera pr\u00e9sent \u00e0 plusieurs \u00e9v\u00e8nements de la rentr\u00e9e 2009 \/ 2010 :<\/span><span style=\"font-family: Calibri; font-size: small;\">*<b>Salon Plan\u00e8te mode d&#8217;emploi, du 24 au 27 septembre<\/b> (Paris Porte de Versailles). A noter : la pr\u00e9sence de nos amis J\u00e9romine Pasteur et Yves Paccalet, qui interviendront dans des conf\u00e9rences et pr\u00e9senteront leurs nouveaux ouvrages.<br \/>\nInfos sur <\/span> <span style=\"font-family: Verdana;\"> <a href=\"http:\/\/www.planetemodedemploi.fr\"> <span style=\"font-family: Calibri; font-size: small;\">www.planetemodedemploi.fr<\/span><\/a><\/span><\/p>\n<p>*<b>Universit\u00e9 d&rsquo;\u00e9t\u00e9 du Medef<\/b>, <b>les 2-3-4 septembre 2009<\/b> (Campus HEC, Jouy-en-Josas) sur le th\u00e8me \u00ab\u00a0A la recherche des temps nouveaux\u00a0\u00bb. A noter : la pr\u00e9sence de nos soutiens Yann Arthus-Bertrand et Jean-Louis Etienne, et \u00e9galement Pierre Rabhi, Yves Cochet, Joel de Rosnay, Erik Orsenna.<br \/>\nParmi les conf\u00e9rences : \u00ab\u00a0La d\u00e9croissance prosp\u00e8re\u00a0\u00bb et \u00ab\u00a0Notre plan\u00e8te du p\u00f4le Sud au p\u00f4le Nord\u00a0\u00bb. <span style=\"font-family: Calibri; font-size: small;\">Infos sur <\/span> <span style=\"font-family: Verdana;\"> <a href=\"http:\/\/www.medef.com\/\"><span style=\"font-family: Calibri; font-size: small;\">www.medef.com<\/span><\/a><\/span><\/p>\n<p><span style=\"font-family: Calibri; font-size: small;\">*<b>F\u00eate de l&rsquo;humanit\u00e9<\/b>, <b>les 11-12-13 septembre 2009<\/b> (La Courneuve) sur le th\u00e8me \u00ab\u00a0Trois jours pour la biohumanit\u00e9\u00a0\u00bb, avec notamment Jean-Paul Jaud (r\u00e9alisateur du film <i>Nos enfants nous accuserons<\/i>), \u00c9douard Glissant, Patrick Chamoiseau&#8230; <\/span> <span style=\"font-family: Calibri; font-size: small;\">Infos sur <\/span> <span style=\"font-family: Verdana;\"> <a href=\"http:\/\/www.humanite.fr\/fete.html\"> <span style=\"font-family: Calibri; font-size: small;\">http:\/\/www.humanite.fr\/fete.html<\/span><\/a><\/span><\/p>\n<p><span style=\"font-family: Calibri; font-size: small;\">*<b>Colloque \u00ab\u00a0Radiot\u00e9l\u00e9vision et changement climatique\u00a0\u00bb \u00e0 l&rsquo;Unesco<\/b> (Paris) les 4 et 5 septembre. Cette conf\u00e9rence invitera les services de radiot\u00e9l\u00e9vision \u00e0 s&rsquo;engager \u00e0 sensibiliser leurs auditeurs au probl\u00e8me du changement climatique, en tant que mission de service public, et de faire conna\u00eetre les liens entre les donn\u00e9es scientifiques et l&rsquo;activit\u00e9 humaine&#8230;<br \/>\nInfos sur <\/span> <span style=\"font-family: Verdana;\"> <a href=\"http:\/\/www.unesco.org\"> <span style=\"font-family: Calibri; font-size: small;\">www.unesco.org<\/span><\/a><\/span><span style=\"font-family: Calibri; font-size: small;\"><br \/>\n<\/span> <span style=\"font-family: Verdana;\"> <a href=\"http:\/\/portal.unesco.org\/ci\/fr\/files\/28916\/12517317995programme_fr.pdf\/programme_fr.pdf\"> <span style=\"font-family: Calibri; font-size: small;\">Consultez le programme<\/span><\/a> <\/span><\/td>\n<\/tr>\n<tr>\n<td valign=\"top\" width=\"9%\" height=\"1\"><span style=\"font-family: Calibri; font-size: small;\">Mai 2009<\/span><\/td>\n<td valign=\"top\" width=\"53%\" height=\"1\"><span style=\"font-family: Calibri; font-size: small;\">Appel pour une France durable<br \/>\nInterpellons les d\u00e9cideurs politiques et \u00e9conomiques<\/span><span style=\"font-size: small;\"><br \/>\nA l\u2019heure de la crise \u00e9conomique, en p\u00e9riode de Grenelle de l\u2019environnement, et alors que partout l&rsquo;on se r\u00e9clame du \u00ab\u00a0d\u00e9veloppement durable\u00a0\u00bb, un collectif de jeunes et de personnalit\u00e9s \u2013 scientifiques, \u00e9crivains, explorateurs &#8211;\u00a0 lance un appel aux d\u00e9cideurs \u00e9conomiques et politiques, et exige d\u2019eux qu\u2019ils mettent r\u00e9solument en oeuvre des alternatives afin de r\u00e9pondre aux enjeux environnementaux, sociaux et soci\u00e9taux qui engagent notre responsabilit\u00e9 collective et l\u2019avenir des jeunes g\u00e9n\u00e9rations.<\/span>&nbsp;<\/p>\n<p><strong> <span style=\"font-size: small;\">Cet appel est <\/span> <\/strong> <span style=\"font-family: Calibri; font-size: small;\"> lanc\u00e9 \u00e0 l&rsquo;initiative <\/span> <strong> <span style=\"font-family: Calibri; font-size: small;\"> de Gilles Vanderpooten <i>(<\/i><i>Pr\u00e9sident de l\u2019association Vive la Terre, Fondateur du festival Eidos du film de l\u2019environnement et du Tour de France du d\u00e9veloppement durable, 23 ans) <\/i>en association avec un collectif de personnalit\u00e9s\u00a0\u2013 \u00e9crivains, scientifiques, philosophes, explorateurs et aventuriers &#8211; <\/span> <span style=\"font-size: small;\">Isabelle AUTISSIER, Robert BARBAULT, Dominique BELPOMME, Allain BOUGRAIN-DUBOURG, Dominique BOURG, Gilles CL\u00c9MENT, Philippe DESBROSSES, Jean-Pierre DOUSSIN, Caline JACONO, Jean JOUZEL, Tristan LECOMTE, Am\u00e9lie NOTHOMB, J\u00e9romine PASTEUR, Nicolas VANIER.<\/span><\/strong><\/p>\n<p>&nbsp;<\/p>\n<p><span style=\"font-family: Verdana;\"> <a href=\"http:\/\/www.pourunefrancedurable.org\"> <span style=\"font-family: Calibri; font-size: small;\">&gt; D\u00e9couvrez l&rsquo;appel et signez la p\u00e9tition<\/span><\/a><\/span><span style=\"font-family: Calibri; font-size: small;\"> sur <\/span><span style=\"font-family: Verdana;\"> <a href=\"http:\/\/www.pourunefrancedurable.org\"><b> <span style=\"font-family: Calibri; font-size: small;\">www.pourunefrancedurable.org<\/span><\/b><\/a><\/span><\/td>\n<\/tr>\n<\/tbody>\n<\/table>\n<table width=\"100%\" border=\"0\" cellspacing=\"4\" cellpadding=\"4\">\n<tbody>\n<tr>\n<td valign=\"top\" width=\"9%\" height=\"1\"><span style=\"font-family: Calibri;\"> 16 Janvier 2009<\/span><\/td>\n<td valign=\"top\" width=\"53%\" height=\"1\">\n<p dir=\"ltr\"><span style=\"font-family: Calibri;\"><br \/>\n<\/span> <span style=\"font-family: Calibri;\">Colloque \u00ab\u00a0Les Campus : un laboratoire de reconversion de l&rsquo;\u00e9conomie\u00a0\u00bb, avec la remise des Troph\u00e9es Planet-D<\/span><\/p>\n<p><span style=\"font-family: Calibri;\">Vendredi 16 janvier, Vive la Terre s&rsquo;associe au colloque organis\u00e9 par l&rsquo;Association Planet-D.<br \/>\nAu programme : interventions de Pr\u00e9sidents d&rsquo;Universit\u00e9s et Grandes Ecoles, dirigeants d&rsquo;entreprises, \u00e9tudiants, repr\u00e9sentants de Minist\u00e8res et d&rsquo;Institutions, qui d\u00e9battront des enjeux de \u00ab\u00a0d\u00e9veloppement durable\u00a0\u00bb sur les campus universitaire. Mais aussi la remise des Troph\u00e9es Planet-D qui r\u00e9compensent les meilleurs projets \u00e9tudiants de \u00ab\u00a0campus durables\u00a0\u00bb.<br \/>\nUn \u00e9v\u00e8nement \u00e0 suivre au Palais du Luxembourg.<\/span><\/p>\n<p>Informations et inscriptions : <span style=\"font-family: Verdana;\"> <a href=\"http:\/\/www.planetd.fr\/16janvier\"> <span style=\"font-family: Calibri; font-size: small;\">www.planetd.fr\/16janvier<\/span><\/a><\/span><\/td>\n<\/tr>\n<tr>\n<td valign=\"top\" width=\"9%\" height=\"1\"><span style=\"font-family: Calibri;\">2 Octobre 2008<\/span><\/td>\n<td valign=\"top\" width=\"53%\" height=\"1\"><span style=\"font-family: Calibri;\"> Ev\u00e8nement : Festival Eidos du film de l&rsquo;environnement et du d\u00e9veloppement durable<\/span><span style=\"font-family: Calibri;\"><span style=\"font-family: Calibri;\">Il y a 3 ans, une \u00e9quipe d&rsquo;\u00e9tudiants (dont certains font aujourd&rsquo;hui partie des \u00e9quipes de Vive la Terre) lan\u00e7ait \u00e0 Nantes le premier Festival du film de l&rsquo;environnement et du d\u00e9veloppement durable. Un \u00e9v\u00e8nement organis\u00e9 en partenariat avec les Assises nationales du d\u00e9veloppement durable, avec la participation de nombreuses personnalit\u00e9s : J\u00e9romine Pasteur, Catherine Chabaud, Laurence de la Ferri\u00e8re, Yves Paccalet, Philippe Desbrosses, ou encore Yann Arthus-Bertrand.<\/span><\/span>Ev\u00e8nement annuel de l&rsquo;univers culturel nantais, le Festival Eidos 2008 se tient les 10 et 11 octobre prochains, dans plusieurs lieux de la ville de Nantes. Entr\u00e9e libre et gratuite.<\/p>\n<p><span style=\"font-family: Calibri;\"> &gt; <\/span> <span style=\"font-size: medium;\"> <a href=\"http:\/\/www.festivaleidos.online.fr\"> <span style=\"font-family: Calibri; font-size: small;\">D\u00e9couvrez la programmation sur www.festivaleidos.online.fr <\/span> <\/a><\/span><\/td>\n<\/tr>\n<tr>\n<td valign=\"top\" width=\"9%\" height=\"85\"><span style=\"font-family: Calibri;\"> 16 Septembre 2008<\/span><\/td>\n<td valign=\"top\" width=\"53%\" height=\"85\"><span style=\"font-family: Calibri;\"> Une \u00e9quipe de Vive la Terre en mission au Canada <\/span><span style=\"font-family: Calibri;\">Une d\u00e9l\u00e9gation de l&rsquo;Association Vive la Terre est actuellement au Canada. En mission pour plusieurs mois, elle se penchera notamment sur l&rsquo;\u00e9tude des comportements nord-am\u00e9ricains face aux enjeux \u00e9cologiques.<\/span><\/td>\n<\/tr>\n<tr>\n<td valign=\"top\" width=\"9%\" height=\"1\"><span style=\"font-family: Calibri;\"> Septembre 2008<\/span><\/td>\n<td valign=\"top\" width=\"53%\" height=\"1\">\n<p dir=\"ltr\"><span style=\"font-family: Calibri;\"> Le Tour de France du d\u00e9veloppement durable se poursuit !<\/span><\/p>\n<p><span style=\"font-family: Calibri;\">Afin de diffuser les \u201cbonnes pratiques\u201d, de valoriser les initiatives qui ont constitu\u00e9 notre parcours, de t\u00e9moigner de l\u2019existence de ces solutions\u00a0qui veulent contribuer \u00e0\u00a0la pr\u00e9servation de notre environnement et \u00e0 la construction d\u2019une \u00e9conomie plus solidaire et plus humaine\u2026 notre \u00ab\u00a0Tour de France du d\u00e9veloppement durable\u00a0\u00bb va se prolonger par de nouveaux projets, dont nous aurons le plaisir de vous faire part tr\u00e8s prochainement.<\/span><\/p>\n<p><span style=\"font-family: Calibri;\">Nous vous invitons \u00e0 vous inscrire \u00e0 la newsletter de Vive la Terre (inscription en page d&rsquo;accueil) pour \u00eatre tenu au courant de notre actualit\u00e9.<br \/>\n<\/span><\/td>\n<\/tr>\n<tr>\n<td valign=\"top\" width=\"9%\" height=\"19\"><span style=\"font-family: Calibri;\">1er juillet 2008<\/span><\/td>\n<td valign=\"top\" width=\"53%\" height=\"19\"><span style=\"font-family: Calibri;\">Conf\u00e9rence de presse du Tour de France du d\u00e9veloppement durable<\/span><span style=\"font-family: Calibri;\"><span style=\"font-family: Calibri;\">A l&rsquo;occasion de l&rsquo;arriv\u00e9e du Tour de France du d\u00e9veloppement durable \u00e0 Paris, Vive la Terre organise une conf\u00e9rence de presse, en pr\u00e9sence de l&rsquo;\u00e9quipe du Tour, de journalistes, des partenaires de l&rsquo;\u00e9v\u00e8nements, et de repr\u00e9sentants associatifs et institutionnels.<\/span><\/span>Vous \u00eates cordialement invit\u00e9s \u00e0 y participer le Mardi 1er juillet 2008 \u00e0 11h30, Hotel Suitehotel Paris Porte de Montreuil.<\/p>\n<p>&gt; Pour en savoir plus,<\/p>\n<p><span style=\"font-family: Verdana;\"> <a href=\"http:\/\/vivelaterre.com\/wordpress\/?page_id=59\"> <span style=\"font-family: Calibri; font-size: small;\">consultez l&rsquo;espace presse<\/span><\/a><\/span><span style=\"font-family: Calibri;\">.<\/span><\/td>\n<\/tr>\n<\/tbody>\n<\/table>\n","protected":false},"excerpt":{"rendered":"<p>Archives 2008\/2010 Samedi 4 d\u00e9cembre 2010, 16h Salon Plan\u00e8te mode d&#8217;emploi D\u00e9dicace \u00ab\u00a0Le Tour de France du d\u00e9veloppement durable\u00ab\u00a0, \u00e9ditions Alternatives. Vendredi 26 novembre 2010 World Forum de Lille D\u00e9dicace \u00ab\u00a0Le Tour de France du d\u00e9veloppement durable\u00ab\u00a0, \u00e9ditions Alternatives. Septembre-D\u00e9cembre 2010 Publication du \u00ab\u00a0Tour de France du d\u00e9veloppement durable\u00a0\u00bb aux \u00e9ditions Alternatives le 9 septembre [&hellip;]<\/p>\n","protected":false},"author":1,"featured_media":0,"comment_status":"open","ping_status":"open","sticky":false,"template":"","format":"standard","meta":{"_acf_changed":false,"footnotes":""},"categories":[75],"tags":[],"class_list":["post-7684","post","type-post","status-publish","format-standard","hentry","category-rendez-vous"],"acf":[],"_links":{"self":[{"href":"https:\/\/vivelaterre.com\/livres2026\/wp-json\/wp\/v2\/posts\/7684","targetHints":{"allow":["GET"]}}],"collection":[{"href":"https:\/\/vivelaterre.com\/livres2026\/wp-json\/wp\/v2\/posts"}],"about":[{"href":"https:\/\/vivelaterre.com\/livres2026\/wp-json\/wp\/v2\/types\/post"}],"author":[{"embeddable":true,"href":"https:\/\/vivelaterre.com\/livres2026\/wp-json\/wp\/v2\/users\/1"}],"replies":[{"embeddable":true,"href":"https:\/\/vivelaterre.com\/livres2026\/wp-json\/wp\/v2\/comments?post=7684"}],"version-history":[{"count":3,"href":"https:\/\/vivelaterre.com\/livres2026\/wp-json\/wp\/v2\/posts\/7684\/revisions"}],"predecessor-version":[{"id":7686,"href":"https:\/\/vivelaterre.com\/livres2026\/wp-json\/wp\/v2\/posts\/7684\/revisions\/7686"}],"wp:attachment":[{"href":"https:\/\/vivelaterre.com\/livres2026\/wp-json\/wp\/v2\/media?parent=7684"}],"wp:term":[{"taxonomy":"category","embeddable":true,"href":"https:\/\/vivelaterre.com\/livres2026\/wp-json\/wp\/v2\/categories?post=7684"},{"taxonomy":"post_tag","embeddable":true,"href":"https:\/\/vivelaterre.com\/livres2026\/wp-json\/wp\/v2\/tags?post=7684"}],"curies":[{"name":"wp","href":"https:\/\/api.w.org\/{rel}","templated":true}]}}