{"id":7690,"date":"2014-01-26T21:58:05","date_gmt":"2014-01-26T20:58:05","guid":{"rendered":"http:\/\/vivelaterre.com\/livres2026\/?p=7690"},"modified":"2014-01-26T21:58:05","modified_gmt":"2014-01-26T20:58:05","slug":"dedicace-stephane-hessel-irresistible-optimiste-a-bruxelles-samedi-22022014","status":"publish","type":"post","link":"https:\/\/vivelaterre.com\/livres2026\/2014\/01\/dedicace-stephane-hessel-irresistible-optimiste-a-bruxelles-samedi-22022014\/","title":{"rendered":"D\u00e9dicace \u00ab\u00a0St\u00e9phane Hessel irr\u00e9sistible optimiste\u00a0\u00bb \u00e0 Bruxelles, samedi 22\/02\/2014"},"content":{"rendered":"<p>Christiane Hessel et Gilles Vanderpooten vous donnent rendez-vous samedi 22 f\u00e9vrier 2014 \u00e0 17h00 pour une s\u00e9ance de d\u00e9dicace de \u00ab\u00a0St\u00e9phane Hessel, irr\u00e9sistible optimiste\u00a0\u00bb (\u00e9ditions de l&rsquo;Aube)\u00a0 sur le stand de la FNAC.<\/p>\n<p><em><strong>A propos de La Foire du Livre de Bruxelles<\/strong><\/em><\/p>\n<p>Gigantesque librairie au\u00a0 c\u0153ur de l\u2019Europe, la Foire du Livre de Bruxelles est devenue, en un peu plus de 40 ans, un \u00e9v\u00e9nement culturel majeur. Situ\u00e9e sur le site charg\u00e9 d\u2019histoire de Tour &amp; Taxis, elle se veut le trait d\u2019union entre tous les acteurs du livre.<\/p>\n<p>Les \u00e9diteurs de France, de Suisse, du Luxembourg, et du Qu\u00e9bec y c\u00f4toient leurs confr\u00e8res francophones de Belgique. Mais si la Foire se veut un lieu de l\u2019expression francophone, elle d\u00e9fend aussi avec ardeur et persuasion sa dimension internationale et se tourne vers l\u2019in\u00e9puisable richesse des auteurs du monde entier.<\/p>\n<p>\u2013 182 exposants<br \/>\n\u2013 1.350 \u00e9diteurs repr\u00e9sent\u00e9s<br \/>\n\u2013 17.500 m2 de surface d\u2019exposition<br \/>\n\u2013 70.000 visiteurs<br \/>\n\u2013 320 rencontres et d\u00e9bats<br \/>\n\u2013 925 auteurs<\/p>\n<p>Toutes les infos sur <a href=\"http:\/\/www.flb.be \">http:\/\/www.flb.be <\/a><\/p>\n","protected":false},"excerpt":{"rendered":"<p>Christiane Hessel et Gilles Vanderpooten vous donnent rendez-vous samedi 22 f\u00e9vrier 2014 \u00e0 17h00 pour une s\u00e9ance de d\u00e9dicace de \u00ab\u00a0St\u00e9phane Hessel, irr\u00e9sistible optimiste\u00a0\u00bb (\u00e9ditions de l&rsquo;Aube)\u00a0 sur le stand de la FNAC. A propos de La Foire du Livre de Bruxelles Gigantesque librairie au\u00a0 c\u0153ur de l\u2019Europe, la Foire du Livre de Bruxelles est [&hellip;]<\/p>\n","protected":false},"author":1,"featured_media":7691,"comment_status":"open","ping_status":"open","sticky":false,"template":"","format":"standard","meta":{"_acf_changed":false,"footnotes":""},"categories":[75],"tags":[],"class_list":["post-7690","post","type-post","status-publish","format-standard","has-post-thumbnail","hentry","category-rendez-vous"],"acf":[],"_links":{"self":[{"href":"https:\/\/vivelaterre.com\/livres2026\/wp-json\/wp\/v2\/posts\/7690","targetHints":{"allow":["GET"]}}],"collection":[{"href":"https:\/\/vivelaterre.com\/livres2026\/wp-json\/wp\/v2\/posts"}],"about":[{"href":"https:\/\/vivelaterre.com\/livres2026\/wp-json\/wp\/v2\/types\/post"}],"author":[{"embeddable":true,"href":"https:\/\/vivelaterre.com\/livres2026\/wp-json\/wp\/v2\/users\/1"}],"replies":[{"embeddable":true,"href":"https:\/\/vivelaterre.com\/livres2026\/wp-json\/wp\/v2\/comments?post=7690"}],"version-history":[{"count":1,"href":"https:\/\/vivelaterre.com\/livres2026\/wp-json\/wp\/v2\/posts\/7690\/revisions"}],"predecessor-version":[{"id":7692,"href":"https:\/\/vivelaterre.com\/livres2026\/wp-json\/wp\/v2\/posts\/7690\/revisions\/7692"}],"wp:featuredmedia":[{"embeddable":true,"href":"https:\/\/vivelaterre.com\/livres2026\/wp-json\/wp\/v2\/media\/7691"}],"wp:attachment":[{"href":"https:\/\/vivelaterre.com\/livres2026\/wp-json\/wp\/v2\/media?parent=7690"}],"wp:term":[{"taxonomy":"category","embeddable":true,"href":"https:\/\/vivelaterre.com\/livres2026\/wp-json\/wp\/v2\/categories?post=7690"},{"taxonomy":"post_tag","embeddable":true,"href":"https:\/\/vivelaterre.com\/livres2026\/wp-json\/wp\/v2\/tags?post=7690"}],"curies":[{"name":"wp","href":"https:\/\/api.w.org\/{rel}","templated":true}]}}