{"id":7693,"date":"2014-01-26T22:03:25","date_gmt":"2014-01-26T21:03:25","guid":{"rendered":"http:\/\/vivelaterre.com\/livres2026\/?p=7693"},"modified":"2014-03-02T00:05:47","modified_gmt":"2014-03-01T23:05:47","slug":"soiree-stephane-hessel-27022014-institut-du-monde-arabe-paris","status":"publish","type":"post","link":"https:\/\/vivelaterre.com\/livres2026\/2014\/01\/soiree-stephane-hessel-27022014-institut-du-monde-arabe-paris\/","title":{"rendered":"Soir\u00e9e St\u00e9phane Hessel, 27\/02\/2014, Institut du monde Arabe, Paris"},"content":{"rendered":"<div id=\"contenuwithright\">\n<h3>27 f\u00e9vrier 2014<br \/>\nA l\u2019Institut du Monde Arabe (Paris)<br \/>\nST\u00c9PHANE HESSEL, UN AN APR\u00c8S<\/h3>\n<h4>Conf\u00e9rence-d\u00e9bat et projection du film de Christine Seghezzi, 2008, France, 52 min<\/h4>\n<div>\n<div id=\"prest\">\n<p><strong>Cela fait quasiment un an, jour pour jour <\/strong>que dispara\u00eet St\u00e9phane Hessel. T\u00e9moin d\u2019une valeur et d\u2019une force inestimables, St\u00e9phane Hessel a travers\u00e9 le XX<sup>\u00e8me<\/sup> si\u00e8cle en protagoniste actif et engag\u00e9.<\/p>\n<p>N\u00e9 en 1917, ancien r\u00e9sistant et d\u00e9port\u00e9, St\u00e9phane Hessel a toujours eu pour priorit\u00e9 de faire appliquer les droits de l\u2019homme, en tant qu\u2019ambassadeur de France, comme m\u00e9diateur pour les sans-papiers ou comme r\u00e9dacteur de la D\u00e9claration universelle des droits de l\u2019homme. Le film suit ce grand voyageur chez lui, dans le 14<sup>\u00e8 <\/sup>arrondissement de Paris, lors de d\u00e9placements en France, et au cours d\u2019un voyage dans les territoires palestiniens. La r\u00e9alisatrice revient avec lui sur sa vie et sur les th\u00e9matiques qui lui tiennent le plus \u00e0 c\u0153ur : l\u2019Organisation des Nations Unies, le conflit isra\u00e9lo-palestinien, la question de l\u2019immigration et la d\u00e9fense des droits de l\u2019enfant. Son combat a \u00e9t\u00e9 plac\u00e9 sous le signe de la foi en l\u2019avenir, l\u2019humour et la po\u00e9sie. Sa vie nous offre une lecture subjective de l\u2019histoire du XX<sup>\u00e8me<\/sup> si\u00e8cle et du XXI<sup>\u00e8me <\/sup>si\u00e8cle naissant.<\/p>\n<p>En pr\u00e9sence d\u2019amis de St\u00e9phane Hessel.<\/p>\n<p>O\u00f9 ? Institut du monde Arabe,\u00a01 Rue des Foss\u00e9s Saint-Bernard, 75005 Paris, Auditorium (niveau -2) &#8211; 18h30<\/p>\n<\/div>\n<\/div>\n<\/div>\n","protected":false},"excerpt":{"rendered":"<p>27 f\u00e9vrier 2014 A l\u2019Institut du Monde Arabe (Paris) ST\u00c9PHANE HESSEL, UN AN APR\u00c8S Conf\u00e9rence-d\u00e9bat et projection du film de Christine Seghezzi, 2008, France, 52 min Cela fait quasiment un an, jour pour jour que dispara\u00eet St\u00e9phane Hessel. T\u00e9moin d\u2019une valeur et d\u2019une force inestimables, St\u00e9phane Hessel a travers\u00e9 le XX\u00e8me si\u00e8cle en protagoniste actif [&hellip;]<\/p>\n","protected":false},"author":1,"featured_media":0,"comment_status":"open","ping_status":"open","sticky":false,"template":"","format":"standard","meta":{"_acf_changed":false,"footnotes":""},"categories":[75,78],"tags":[],"class_list":["post-7693","post","type-post","status-publish","format-standard","hentry","category-rendez-vous","category-stephane-hessel"],"acf":[],"_links":{"self":[{"href":"https:\/\/vivelaterre.com\/livres2026\/wp-json\/wp\/v2\/posts\/7693","targetHints":{"allow":["GET"]}}],"collection":[{"href":"https:\/\/vivelaterre.com\/livres2026\/wp-json\/wp\/v2\/posts"}],"about":[{"href":"https:\/\/vivelaterre.com\/livres2026\/wp-json\/wp\/v2\/types\/post"}],"author":[{"embeddable":true,"href":"https:\/\/vivelaterre.com\/livres2026\/wp-json\/wp\/v2\/users\/1"}],"replies":[{"embeddable":true,"href":"https:\/\/vivelaterre.com\/livres2026\/wp-json\/wp\/v2\/comments?post=7693"}],"version-history":[{"count":1,"href":"https:\/\/vivelaterre.com\/livres2026\/wp-json\/wp\/v2\/posts\/7693\/revisions"}],"predecessor-version":[{"id":7694,"href":"https:\/\/vivelaterre.com\/livres2026\/wp-json\/wp\/v2\/posts\/7693\/revisions\/7694"}],"wp:attachment":[{"href":"https:\/\/vivelaterre.com\/livres2026\/wp-json\/wp\/v2\/media?parent=7693"}],"wp:term":[{"taxonomy":"category","embeddable":true,"href":"https:\/\/vivelaterre.com\/livres2026\/wp-json\/wp\/v2\/categories?post=7693"},{"taxonomy":"post_tag","embeddable":true,"href":"https:\/\/vivelaterre.com\/livres2026\/wp-json\/wp\/v2\/tags?post=7693"}],"curies":[{"name":"wp","href":"https:\/\/api.w.org\/{rel}","templated":true}]}}