{"id":7695,"date":"2014-01-09T22:16:40","date_gmt":"2014-01-09T21:16:40","guid":{"rendered":"http:\/\/vivelaterre.com\/livres2026\/?p=7695"},"modified":"2014-01-28T02:08:27","modified_gmt":"2014-01-28T01:08:27","slug":"gilles-vanderpooten-invite-de-serge-tisseron-sur-france-inter-11012014","status":"publish","type":"post","link":"https:\/\/vivelaterre.com\/livres2026\/2014\/01\/gilles-vanderpooten-invite-de-serge-tisseron-sur-france-inter-11012014\/","title":{"rendered":"Gilles Vanderpooten invit\u00e9 de Serge Tisseron sur France Inter, 11\/01\/2014"},"content":{"rendered":"<p>Mathias Deguelle, journaliste-pr\u00e9sentateur de l&rsquo;\u00e9mission \u00ab\u00a0Conduite accompagn\u00e9e\u00a0\u00bb sur France Inter, re\u00e7oit le psychiatre sp\u00e9cialiste des m\u00e9dias Serge Tisseron pour son ouvrage \u00ab\u00a0Un psy au cin\u00e9ma\u00a0\u00bb (\u00e9ditions Belin) accompagn\u00e9 de Gilles Vanderpooten, directeur des programmes de Reporters d\u2019Espoirs, pour parler de l&rsquo;action de l&rsquo;association, et du livre \u00ab\u00a0St\u00e9phane Hessel, irr\u00e9sistible optimiste \u00bb\u00a0 (\u00e9ditions de l\u2019Aube).<\/p>\n<p><a href=\"http:\/\/www.franceinter.fr\/emission-conduite-accompagnee-serge-tisseron-accompagne-de-gilles-vanderpooten\" target=\"_blank\"><strong>&gt; (R\u00e9)\u00e9coutez l&rsquo;\u00e9mission \u00ab\u00a0Conduite accompagn\u00e9e\u00a0\u00bb diffus\u00e9e samedi 11 janvier de minuit \u00e0 1 heure.<\/strong><\/a><\/p>\n<p><strong> \u00a0\u00a0 <\/strong><\/p>\n","protected":false},"excerpt":{"rendered":"<p>Mathias Deguelle, journaliste-pr\u00e9sentateur de l&rsquo;\u00e9mission \u00ab\u00a0Conduite accompagn\u00e9e\u00a0\u00bb sur France Inter, re\u00e7oit le psychiatre sp\u00e9cialiste des m\u00e9dias Serge Tisseron pour son ouvrage \u00ab\u00a0Un psy au cin\u00e9ma\u00a0\u00bb (\u00e9ditions Belin) accompagn\u00e9 de Gilles Vanderpooten, directeur des programmes de Reporters d\u2019Espoirs, pour parler de l&rsquo;action de l&rsquo;association, et du livre \u00ab\u00a0St\u00e9phane Hessel, irr\u00e9sistible optimiste \u00bb\u00a0 (\u00e9ditions de l\u2019Aube). &gt; [&hellip;]<\/p>\n","protected":false},"author":1,"featured_media":0,"comment_status":"open","ping_status":"open","sticky":false,"template":"","format":"standard","meta":{"_acf_changed":false,"footnotes":""},"categories":[76],"tags":[],"class_list":["post-7695","post","type-post","status-publish","format-standard","hentry","category-dans-les-medias"],"acf":[],"_links":{"self":[{"href":"https:\/\/vivelaterre.com\/livres2026\/wp-json\/wp\/v2\/posts\/7695","targetHints":{"allow":["GET"]}}],"collection":[{"href":"https:\/\/vivelaterre.com\/livres2026\/wp-json\/wp\/v2\/posts"}],"about":[{"href":"https:\/\/vivelaterre.com\/livres2026\/wp-json\/wp\/v2\/types\/post"}],"author":[{"embeddable":true,"href":"https:\/\/vivelaterre.com\/livres2026\/wp-json\/wp\/v2\/users\/1"}],"replies":[{"embeddable":true,"href":"https:\/\/vivelaterre.com\/livres2026\/wp-json\/wp\/v2\/comments?post=7695"}],"version-history":[{"count":1,"href":"https:\/\/vivelaterre.com\/livres2026\/wp-json\/wp\/v2\/posts\/7695\/revisions"}],"predecessor-version":[{"id":7696,"href":"https:\/\/vivelaterre.com\/livres2026\/wp-json\/wp\/v2\/posts\/7695\/revisions\/7696"}],"wp:attachment":[{"href":"https:\/\/vivelaterre.com\/livres2026\/wp-json\/wp\/v2\/media?parent=7695"}],"wp:term":[{"taxonomy":"category","embeddable":true,"href":"https:\/\/vivelaterre.com\/livres2026\/wp-json\/wp\/v2\/categories?post=7695"},{"taxonomy":"post_tag","embeddable":true,"href":"https:\/\/vivelaterre.com\/livres2026\/wp-json\/wp\/v2\/tags?post=7695"}],"curies":[{"name":"wp","href":"https:\/\/api.w.org\/{rel}","templated":true}]}}