{"id":7817,"date":"2012-11-06T00:43:26","date_gmt":"2012-11-05T23:43:26","guid":{"rendered":"http:\/\/vivelaterre.com\/livres2026\/?p=7817"},"modified":"2014-03-07T01:10:54","modified_gmt":"2014-03-07T00:10:54","slug":"gilles-vanderpooten-un-jeune-engage-en-quete-dauteurs-la-croix","status":"publish","type":"post","link":"https:\/\/vivelaterre.com\/livres2026\/2012\/11\/gilles-vanderpooten-un-jeune-engage-en-quete-dauteurs-la-croix\/","title":{"rendered":"Gilles Vanderpooten, un jeune engag\u00e9 en qu\u00eate d\u2019auteurs (La Croix)"},"content":{"rendered":"<p>Par Corinne Renou-Nativel, journaliste, paru dans <em>La Croix<\/em> le 5 novembre 2012.<\/p>\n<p><em><strong>Gilles Vanderpooten. Ce jeune homme est co-auteur, avec St\u00e9phane Hessel, du livre \u00ab Engagez-vous ! \u00bb et poursuit un projet \u00e9ditorial fond\u00e9 sur la transmission des exp\u00e9riences, d\u2019une g\u00e9n\u00e9ration \u00e0 l\u2019autre.<\/strong><\/em><\/p>\n<p>Il a la gr\u00e2ce de s\u2019\u00e9merveiller de sa chance. \u00c0 27 ans, Gilles Vanderpooten est passionn\u00e9 par les rencontres. Ce fils de Parisiens reconvertis \u00e0 l\u2019agriculture bio en Ari\u00e8ge a \u00e9t\u00e9 berc\u00e9 par les questions environnementales. \u00c0 20 ans, il int\u00e8gre une \u00e9cole de commerce \u00e0 Nantes, \u00ab la seule qui avait un discours sur le d\u00e9veloppement durable \u00bb. Pour cr\u00e9er un festival du film sur l\u2019environnement [Festival Eidos, Nantes, Octobre 2006], l\u2019\u00e9tudiant contacte des explorateurs comme Nicolas Vanier, Laurence de la Ferri\u00e8re et J\u00e9romine Pasteur. Avec deux amis, il sillonne ensuite la France [en 2008] pour d\u00e9couvrir une quarantaine d\u2019initiatives men\u00e9es par des particuliers et des entrepreneurs, et tous trois en rendent compte dans Le Tour de France du d\u00e9veloppement durable, publi\u00e9 aux \u00c9ditions Alternatives, avec une postface d\u2019Edgar Morin.<\/p>\n<p>Chez ce jeune homme plein de ressources, un projet en entra\u00eene un autre.<\/p>\n<p>Lors du Grenelle de l\u2019environnement initi\u00e9 par Nicolas Sarkozy, il lance un appel \u00ab Pour une France durable \u00bb, relay\u00e9 par le site Internet M\u00e9diapart, pour lequel il obtient le soutien d\u2019une quinzaine de personnalit\u00e9s dont la navigatrice Isabelle Autissier et le paysagiste Gilles Cl\u00e9ment. \u00ab Le livre sur notre tour de France m\u2019a donn\u00e9 le go\u00fbt de l\u2019\u00e9criture. L\u2019appel m\u2019a confirm\u00e9 que les personnalit\u00e9s qui m\u2019int\u00e9ressaient n\u2019\u00e9taient pas inaccessibles. J\u2019ai eu envie de rassembler dans un ouvrage des entretiens avec une dizaine de personnes qui incarnaient l\u2019engagement et qui s\u2019illustraient par des actions concr\u00e8tes, une pens\u00e9e novatrice. \u00bb<\/p>\n<p>Il commence en septembre 2009 avec St\u00e9phane Hessel, \u00ab alors peu connu du grand public, totalement engag\u00e9 et d\u00e9vou\u00e9, dans la R\u00e9sistance d\u2019abord, les ONG, pour les droits des sans-papiers, des Palestiniens, etc. Soixante-dix ans nous s\u00e9parent. \u00bb<br \/>\nIl se met en qu\u00eate d\u2019un \u00e9diteur. Quarante refusent. Le quarante et uni\u00e8me, le sociologue Jean Viard aux \u00c9ditions de l\u2019Aube, accepte sous une condition : il veut non pas un livre, mais une s\u00e9rie compl\u00e8te, intitul\u00e9e \u00ab Conversation pour l\u2019avenir \u00bb, avec un ouvrage par interlocuteur et la volont\u00e9 de s\u2019adresser aux jeunes, de transmettre un message. Gilles Vanderpooten ignore que les \u00c9ditions Indig\u00e8ne s\u2019appr\u00eatent \u00e0 publier Indignez-vous ! Le succ\u00e8s ph\u00e9nom\u00e9nal de ce petit livre ne modifie pas son projet, mais en change le titre. \u00ab J\u2019ai propos\u00e9 : Engagez-vous ! \u00bb se rappelle, amus\u00e9, Gilles Vanderpooten. \u00ab L\u2019\u00e9diteur \u00e9tait r\u00e9ticent mais St\u00e9phane Hessel enthousiaste. \u00bb<\/p>\n<p>Le jeune militant prend contact ensuite avec Danielle Mitterrand. \u00ab Une \u00e9vidence pour moi, par la force de son engagement, dans la R\u00e9sistance puis dans d\u2019autres luttes, son c\u00f4t\u00e9 radical, sans concession. \u00bb Elle lui propose aussit\u00f4t de venir dans les Landes, \u00e0 Latche, avec \u2013 il ne le sait pas- la volont\u00e9 de laisser un dernier t\u00e9moignage,au cours de l\u2019\u00e9t\u00e9 2011. Elle d\u00e9c\u00e9dera en novembre. Ce que je n\u2019accepte pas para\u00eetra deux mois plus tard. Gilles Vanderpooten poursuit en r\u00e9alisant des entretiens avec le philosophe \u00e9cologiste Yves Paccalet, l\u2019anthropologue tunisien Youssef Seddik, l\u2019exploratrice J\u00e9romine Pasteur, qui tous font l\u2019objet d\u2019un livre. Aux \u00c9ditions Ellipses, il publie L\u2019Entrepreneur et l\u2019Indign\u00e9 avec Philippe Hayat, cr\u00e9ateur et repreneur d\u2019entreprises.<\/p>\n<p>En parall\u00e8le \u00e0 ces aventures \u00e9ditoriales qui promettent d\u2019autres titres, apr\u00e8s avoir d\u00e9couvert le \u00ab cynisme du marketing \u00bb dans une firme multinationale et le monde de l\u2019\u00e9conomie sociale en travaillant pour une banque, il rejoint Reporters d\u2019Espoirs. \u00ab Je voulais \u00eatre au contact de ceux qui agissent. Cette association a pour mission de promouvoir aupr\u00e8s des m\u00e9dias les solutions sur le terrain, avec une dimension humaine, \u00e9cologique ou solidaire, afin de donner au plus grand nombre envie d\u2019agir.\u00bb<\/p>\n","protected":false},"excerpt":{"rendered":"<p>Par Corinne Renou-Nativel, journaliste, paru dans La Croix le 5 novembre 2012. Gilles Vanderpooten. Ce jeune homme est co-auteur, avec St\u00e9phane Hessel, du livre \u00ab Engagez-vous ! \u00bb et poursuit un projet \u00e9ditorial fond\u00e9 sur la transmission des exp\u00e9riences, d\u2019une g\u00e9n\u00e9ration \u00e0 l\u2019autre. Il a la gr\u00e2ce de s\u2019\u00e9merveiller de sa chance. \u00c0 27 ans, [&hellip;]<\/p>\n","protected":false},"author":1,"featured_media":7565,"comment_status":"open","ping_status":"open","sticky":false,"template":"","format":"standard","meta":{"_acf_changed":false,"footnotes":""},"categories":[76],"tags":[90,88,91,97,87,89,92,98,96,95,93,94,86],"class_list":["post-7817","post","type-post","status-publish","format-standard","has-post-thumbnail","hentry","category-dans-les-medias","tag-conversations-2","tag-engagez-vous","tag-entretiens","tag-hayat","tag-hessel","tag-indignez-vous","tag-intergenerationnel","tag-la-croix","tag-paccalet","tag-pasteur","tag-resistances","tag-seddik","tag-vanderpooten"],"acf":[],"_links":{"self":[{"href":"https:\/\/vivelaterre.com\/livres2026\/wp-json\/wp\/v2\/posts\/7817","targetHints":{"allow":["GET"]}}],"collection":[{"href":"https:\/\/vivelaterre.com\/livres2026\/wp-json\/wp\/v2\/posts"}],"about":[{"href":"https:\/\/vivelaterre.com\/livres2026\/wp-json\/wp\/v2\/types\/post"}],"author":[{"embeddable":true,"href":"https:\/\/vivelaterre.com\/livres2026\/wp-json\/wp\/v2\/users\/1"}],"replies":[{"embeddable":true,"href":"https:\/\/vivelaterre.com\/livres2026\/wp-json\/wp\/v2\/comments?post=7817"}],"version-history":[{"count":2,"href":"https:\/\/vivelaterre.com\/livres2026\/wp-json\/wp\/v2\/posts\/7817\/revisions"}],"predecessor-version":[{"id":7819,"href":"https:\/\/vivelaterre.com\/livres2026\/wp-json\/wp\/v2\/posts\/7817\/revisions\/7819"}],"wp:featuredmedia":[{"embeddable":true,"href":"https:\/\/vivelaterre.com\/livres2026\/wp-json\/wp\/v2\/media\/7565"}],"wp:attachment":[{"href":"https:\/\/vivelaterre.com\/livres2026\/wp-json\/wp\/v2\/media?parent=7817"}],"wp:term":[{"taxonomy":"category","embeddable":true,"href":"https:\/\/vivelaterre.com\/livres2026\/wp-json\/wp\/v2\/categories?post=7817"},{"taxonomy":"post_tag","embeddable":true,"href":"https:\/\/vivelaterre.com\/livres2026\/wp-json\/wp\/v2\/tags?post=7817"}],"curies":[{"name":"wp","href":"https:\/\/api.w.org\/{rel}","templated":true}]}}