{"id":7826,"date":"2014-03-01T15:08:15","date_gmt":"2014-03-01T14:08:15","guid":{"rendered":"http:\/\/vivelaterre.com\/livres2026\/?p=7826"},"modified":"2014-03-01T15:08:15","modified_gmt":"2014-03-01T14:08:15","slug":"indignons-nous-ledito-de-laurent-joffrin-dans-le-nouvel-observateur-du-27-fevrier-2014","status":"publish","type":"post","link":"https:\/\/vivelaterre.com\/livres2026\/2014\/03\/indignons-nous-ledito-de-laurent-joffrin-dans-le-nouvel-observateur-du-27-fevrier-2014\/","title":{"rendered":"\u00ab\u00a0Indignons-nous\u00a0\u00bb, l&rsquo;\u00e9dito de Laurent Joffrin dans le Nouvel Observateur du 27 f\u00e9vrier 2014"},"content":{"rendered":"<p>A l&rsquo;occasion de la disparition de St\u00e9phane Hessel, il y a un an jour pour jour, Laurent Joffrin salue sa m\u00e9moire dans son \u00e9dito du Nouvel Observateur, le 27 f\u00e9vrier 2014.<\/p>\n<p>\u00ab\u00a0La morale et le r\u00e9el A plus de 90ans, il s&rsquo;occupait d&rsquo;avenir; dans l&rsquo;hiver de son \u00e2ge, il ne pensait qu&rsquo;au printemps ; au seuil de la mort, il ne songeait qu&rsquo;\u00e0 la vie. Un an apr\u00e8s sa disparition,&#8230; \u2026\u00a0\u00bb<\/p>\n<p>&gt; <a href=\"http:\/\/vivelaterre.com\/livres2026\/wp-content\/uploads\/2014\/03\/Edito_Joffrin_StephaneHessel_27022014.pdf\">Pour lire l&rsquo;\u00e9dito cliquez ici<\/a><\/p>\n","protected":false},"excerpt":{"rendered":"<p>A l&rsquo;occasion de la disparition de St\u00e9phane Hessel, il y a un an jour pour jour, Laurent Joffrin salue sa m\u00e9moire dans son \u00e9dito du Nouvel Observateur, le 27 f\u00e9vrier 2014. \u00ab\u00a0La morale et le r\u00e9el A plus de 90ans, il s&rsquo;occupait d&rsquo;avenir; dans l&rsquo;hiver de son \u00e2ge, il ne pensait qu&rsquo;au printemps ; au [&hellip;]<\/p>\n","protected":false},"author":1,"featured_media":0,"comment_status":"open","ping_status":"open","sticky":false,"template":"","format":"standard","meta":{"_acf_changed":false,"footnotes":""},"categories":[76,77,78],"tags":[],"class_list":["post-7826","post","type-post","status-publish","format-standard","hentry","category-dans-les-medias","category-hommage","category-stephane-hessel"],"acf":[],"_links":{"self":[{"href":"https:\/\/vivelaterre.com\/livres2026\/wp-json\/wp\/v2\/posts\/7826","targetHints":{"allow":["GET"]}}],"collection":[{"href":"https:\/\/vivelaterre.com\/livres2026\/wp-json\/wp\/v2\/posts"}],"about":[{"href":"https:\/\/vivelaterre.com\/livres2026\/wp-json\/wp\/v2\/types\/post"}],"author":[{"embeddable":true,"href":"https:\/\/vivelaterre.com\/livres2026\/wp-json\/wp\/v2\/users\/1"}],"replies":[{"embeddable":true,"href":"https:\/\/vivelaterre.com\/livres2026\/wp-json\/wp\/v2\/comments?post=7826"}],"version-history":[{"count":1,"href":"https:\/\/vivelaterre.com\/livres2026\/wp-json\/wp\/v2\/posts\/7826\/revisions"}],"predecessor-version":[{"id":7829,"href":"https:\/\/vivelaterre.com\/livres2026\/wp-json\/wp\/v2\/posts\/7826\/revisions\/7829"}],"wp:attachment":[{"href":"https:\/\/vivelaterre.com\/livres2026\/wp-json\/wp\/v2\/media?parent=7826"}],"wp:term":[{"taxonomy":"category","embeddable":true,"href":"https:\/\/vivelaterre.com\/livres2026\/wp-json\/wp\/v2\/categories?post=7826"},{"taxonomy":"post_tag","embeddable":true,"href":"https:\/\/vivelaterre.com\/livres2026\/wp-json\/wp\/v2\/tags?post=7826"}],"curies":[{"name":"wp","href":"https:\/\/api.w.org\/{rel}","templated":true}]}}