{"id":7846,"date":"2014-03-02T00:09:11","date_gmt":"2014-03-01T23:09:11","guid":{"rendered":"http:\/\/vivelaterre.com\/livres2026\/?p=7846"},"modified":"2014-03-02T00:09:11","modified_gmt":"2014-03-01T23:09:11","slug":"avant-premiere-du-film-une-vie-faite-homme-sur-stephane-hessel-732014-a-paris","status":"publish","type":"post","link":"https:\/\/vivelaterre.com\/livres2026\/2014\/03\/avant-premiere-du-film-une-vie-faite-homme-sur-stephane-hessel-732014-a-paris\/","title":{"rendered":"Avant-premi\u00e8re du film \u00ab Une vie faite homme \u00bb sur St\u00e9phane Hessel &#8211; 7\/3\/2014 \u00e0 Paris"},"content":{"rendered":"<p style=\"text-align: center;\">\u00c0 L\u2019OCCASION DE L\u2019ANNIVERSAIRE DE LA MORT DE ST\u00c9PHANE HESSEL<\/p>\n<p style=\"text-align: center;\">Vous \u00eates cordialement invit\u00e9 \u00e0 assister \u00e0 la projection du film :<\/p>\n<h2 style=\"text-align: center;\"><span style=\"color: #cc0000;\">\u00ab Une vie faite homme \u00bb de Sacha Goldman<\/span><\/h2>\n<p style=\"text-align: center;\">Version originale sous-titr\u00e9e Allemand<\/p>\n<h4 style=\"text-align: center;\">Le Vendredi 7 Mars 2014, \u00e0 18h30<\/h4>\n<p style=\"text-align: center;\">Il y a un an, le 7 mars 2013, un \u00ab Hommage solennel de la Nation \u00bb a eu lieu aux Invalides suite \u00e0 la disparition de St\u00e9phane Hessel.<br \/>\nLe film (1h30) trace le portrait de St\u00e9phane Hessel \u00e0 travers ses dialogues avec Edgar Morin, Daniel Cohn-Bendit, R\u00e9gis Debray, Peter Sloterdijk, Jean-Paul Doll\u00e9, Nicolas Hulot, Laure Adler, Michel Rocard, Jean Claude Carri\u00e8re.<\/p>\n<p style=\"text-align: center;\">La soir\u00e9e est organis\u00e9e <strong>en partenariat avec le quotidien Lib\u00e9ration, ainsi que ZKM Karlsruhe, et Collegium International.<br \/>\n<\/strong>La projection sera suivie d\u2019un<strong> d\u00e9bat en pr\u00e9sence de Christiane Hessel, Sacha Goldman, Edgar Morin et R\u00e9gis Debray.<\/strong><\/p>\n<p style=\"text-align: center;\">\nGoethe-Institut Paris<br \/>\n17 Avenue d\u2019I\u00e9na<br \/>\n75116 Paris<\/p>\n<p style=\"text-align: center;\">R.S.V.P par Mail : par-parkprog1@paris.goethe.org<br \/>\nOu par t\u00e9l\u00e9phone au 01 44 43 92 30<\/p>\n","protected":false},"excerpt":{"rendered":"<p>\u00c0 L\u2019OCCASION DE L\u2019ANNIVERSAIRE DE LA MORT DE ST\u00c9PHANE HESSEL Vous \u00eates cordialement invit\u00e9 \u00e0 assister \u00e0 la projection du film : \u00ab Une vie faite homme \u00bb de Sacha Goldman Version originale sous-titr\u00e9e Allemand Le Vendredi 7 Mars 2014, \u00e0 18h30 Il y a un an, le 7 mars 2013, un \u00ab Hommage solennel [&hellip;]<\/p>\n","protected":false},"author":1,"featured_media":0,"comment_status":"open","ping_status":"open","sticky":false,"template":"","format":"standard","meta":{"_acf_changed":false,"footnotes":""},"categories":[75,78],"tags":[],"class_list":["post-7846","post","type-post","status-publish","format-standard","hentry","category-rendez-vous","category-stephane-hessel"],"acf":[],"_links":{"self":[{"href":"https:\/\/vivelaterre.com\/livres2026\/wp-json\/wp\/v2\/posts\/7846","targetHints":{"allow":["GET"]}}],"collection":[{"href":"https:\/\/vivelaterre.com\/livres2026\/wp-json\/wp\/v2\/posts"}],"about":[{"href":"https:\/\/vivelaterre.com\/livres2026\/wp-json\/wp\/v2\/types\/post"}],"author":[{"embeddable":true,"href":"https:\/\/vivelaterre.com\/livres2026\/wp-json\/wp\/v2\/users\/1"}],"replies":[{"embeddable":true,"href":"https:\/\/vivelaterre.com\/livres2026\/wp-json\/wp\/v2\/comments?post=7846"}],"version-history":[{"count":2,"href":"https:\/\/vivelaterre.com\/livres2026\/wp-json\/wp\/v2\/posts\/7846\/revisions"}],"predecessor-version":[{"id":7852,"href":"https:\/\/vivelaterre.com\/livres2026\/wp-json\/wp\/v2\/posts\/7846\/revisions\/7852"}],"wp:attachment":[{"href":"https:\/\/vivelaterre.com\/livres2026\/wp-json\/wp\/v2\/media?parent=7846"}],"wp:term":[{"taxonomy":"category","embeddable":true,"href":"https:\/\/vivelaterre.com\/livres2026\/wp-json\/wp\/v2\/categories?post=7846"},{"taxonomy":"post_tag","embeddable":true,"href":"https:\/\/vivelaterre.com\/livres2026\/wp-json\/wp\/v2\/tags?post=7846"}],"curies":[{"name":"wp","href":"https:\/\/api.w.org\/{rel}","templated":true}]}}