{"id":7850,"date":"2014-03-07T00:16:40","date_gmt":"2014-03-06T23:16:40","guid":{"rendered":"http:\/\/vivelaterre.com\/livres2026\/?p=7850"},"modified":"2014-03-07T00:20:48","modified_gmt":"2014-03-06T23:20:48","slug":"christiane-hessel-et-gilles-vanderpooten-rendent-hommage-a-stephane-et-a-la-jeunesse-sur-mediapart","status":"publish","type":"post","link":"https:\/\/vivelaterre.com\/livres2026\/2014\/03\/christiane-hessel-et-gilles-vanderpooten-rendent-hommage-a-stephane-et-a-la-jeunesse-sur-mediapart\/","title":{"rendered":"Christiane Hessel et Gilles Vanderpooten rendent hommage \u00e0 St\u00e9phane et \u00e0 la jeunesse sur Mediapart"},"content":{"rendered":"<h1>St\u00e9phane Hessel : hommage \u00e0 un irr\u00e9sistible optimiste&#8230; et \u00e0 la jeunesse<\/h1>\n<div>\n<p>02 mars 2014 |\u00a0 Par <a title=\"Le blog de Les invit\u00e9s de Mediapart\" href=\"http:\/\/blogs.mediapart.fr\/blog\/les-invites-de-mediapart\">Les invit\u00e9s de Mediapart<\/a><\/p>\n<div>\n<p>Pour le premier anniversaire de la disparition de St\u00e9phane Hessel, Christiane Hessel-Chabry, son \u00e9pouse et complice, et Gilles Vanderpooten, co-auteur de <i>Engagez-vous\u00a0!<\/i>, rappellent l&rsquo;actualit\u00e9 de son h\u00e9ritage.<\/p>\n<hr \/>\n<p>Depuis sa disparition le 27 f\u00e9vrier 2013, il y a exactement un an, des villes, en France, en Allemagne, en Belgique, ont baptis\u00e9 de son nom des places, des rues, des \u00e9coles, des centres culturels ou sociaux. Un courrier venu du monde entier a salu\u00e9 sa m\u00e9moire.\u00a0T\u00e9moignages \u00e9tonnants de l\u2019\u00e9trange rayonnement de cet homme au train de vie modeste, et que son succ\u00e8s plan\u00e9taire n\u2019avait de cesse de surprendre. Succ\u00e8s qui a bouscul\u00e9 ses derni\u00e8res ann\u00e9es et la vie de ses proches.\u00a0Il r\u00eavait \u2013 avec Christiane \u2013 de se retirer dans un hameau des C\u00e9vennes, chez des amis bergers, loin de ce tumulte. Il n\u2019en a pas eu le temps&#8230;<\/p>\n<p>Sans doute l&rsquo;optimisme constitutif et contagieux de St\u00e9phane, trait de caract\u00e8re reconnu par beaucoup, explique-t-il pour partie l\u2019incroyable et myst\u00e9rieux succ\u00e8s d\u2019\u00a0<i>Indignez-vous\u00a0!<\/i>. Ce livre aussi modeste soit-il, n\u00e9 au hasard d\u2019une rencontre sur le Plateau des Gli\u00e8res et initialement publi\u00e9 \u00e0 quelques milliers d\u2019exemplaires, a rencontr\u00e9 dans le monde une attente non dite.\u00a0Une attente presque universelle pourrait-on penser, \u00e0 l\u2019aune des quatre millions d\u2019exemplaires et des quarante traductions dont il a fait l\u2019objet dans le monde, de l\u2019am\u00e9ricain \u00e0 l\u2019esperanto, du basque au su\u00e9dois, du grec au cor\u00e9en\u2026<\/p>\n<p>Cette attente, les Indign\u00e9s la r\u00e9v\u00e8lent, l&rsquo;expriment, dans un mouvement utile et n\u00e9cessaire qui manifeste une exasp\u00e9ration vis-\u00e0-vis des injustices, du manque de courage, et d\u2019une vie politique sans saveur. \u00ab\u00a0L&rsquo;avenir est notre affaire\u00a0\u00bb ont-ils cri\u00e9 et revendiqu\u00e9. Et si c&rsquo;\u00e9tait une expression normale et souhaitable de la d\u00e9mocratie\u00a0? Et si les Indign\u00e9s nous renvoyaient tout simplement \u00e0 nos droits et devoirs de citoyens\u00a0?\u00a0Le mouvement des Indign\u00e9s, inattendu, spontan\u00e9, a sans aucun doute repr\u00e9sent\u00e9 \u00a0\u2013 et continue \u00e0 incarner \u2013 un r\u00e9veil, un sursaut, une envie de d\u00e9mocratie.<\/p>\n<p>Pour une indignation constructive<\/p>\n<p>St\u00e9phane savait et disait qu\u2019il n\u2019est pas suffisant de s\u2019indigner. Devait ensuite venir le temps de l\u2019engagement. C\u2019est le sujet du livre d\u2019entretien que St\u00e9phane a con\u00e7u \u00a0\u2013 avec Gilles \u2013 <i>Engagez-vous\u00a0!<\/i>, r\u00e9alis\u00e9 avant le fameux <i>Indignez-vous\u00a0!<\/i>, mais publi\u00e9 apr\u00e8s.<\/p>\n<p>Le motif de l\u2019engagement de St\u00e9phane, c\u2019est la d\u00e9fense des droits de l\u2019homme. Le fait d\u2019avoir eu la vie sauve en prenant l\u2019identit\u00e9 d\u2019un mort dans les camps, l&rsquo;a amen\u00e9 \u00e0 se sentir redevable, responsable. Ses engagements \u00e9taient vari\u00e9s mais se rejoignaient dans cette coh\u00e9rence. Une coh\u00e9rence dans les valeurs qu\u2019il a d\u00e9fendues courageusement, inlassablement, quel qu\u2019en soit le prix. Fr\u00f4lant la mort \u00e0 plusieurs reprises dans la R\u00e9sistance et les camps de concentration desquels il s&rsquo;\u00e9vada. S\u2019aventurant dans des pays en proie \u00e0 la guerre en tant que diplomate. S\u2019exposant \u00e0 la vindicte de certains adversaires politiques qui ne comprenaient pas ses prises de positions sur le conflit isra\u00e9lo-palestinien. Ou encore s\u2019\u00e9puisant dans un \u00ab\u00a0tour du monde\u00a0\u00bb qui l\u2019enthousiasmait et le portait sans doute mais, aussi, le surmenait.<\/p>\n<p>Ce qui int\u00e9ressait St\u00e9phane, c\u2019\u00e9tait l\u2019avenir.\u00a0Il aimait surtout rencontrer des jeunes de partout, qu\u2019il incitait \u00e0 prendre conscience de leurs responsabilit\u00e9s, de leurs droits, devoirs et pouvoirs de citoyens. Il les incitait \u00e0 agir, toujours dans la non-violence, \u00e0 croire en leur capacit\u00e9 \u00e0 \u00ab\u00a0changer le monde\u00a0\u00bb et \u00e0 changer le cours des choses. Car, ne cessait-il de rappeler, \u00ab\u00a0LE MONDE EST A L\u2019IMAGE DE CE QUE NOUS SOMMES\u00a0\u00bb.<\/p>\n<p>A la jeunesse\u00a0: Indignez-vous\u00a0! Engagez-vous\u00a0!<\/p>\n<p>Alors qu&rsquo;une partie de la jeunesse dit se sentir \u00ab\u00a0perdue\u00a0\u00bb et \u00ab\u00a0sacrifi\u00e9e\u00a0\u00bb, nous l&rsquo;appelons \u00e0 ne pas tomber dans le pi\u00e8ge du pessimisme paralysant, du d\u00e9clinisme ambiant ou de l&rsquo;autoflagellation qui conduirait \u00e0 valider l&rsquo;opinion selon laquelle \u00ab\u00a0la jeunesse n&rsquo;a pas d&rsquo;avenir\u00a0\u00bb.<\/p>\n<p>Il ne s&rsquo;agit pas de refuser la r\u00e9alit\u00e9, mais bien de l&rsquo;accepter telle qu&rsquo;elle est c&rsquo;est-\u00e0-dire complexe\u00a0: elle offre autant de raisons d&rsquo;esp\u00e9rer que de d\u00e9senchanter.<\/p>\n<p>Non \u00e0 la d\u00e9sesp\u00e9rance et \u00e0 l&rsquo;inaction\u00a0!<\/p>\n<p>Sachons dire non. D\u00e9noncer. protester. R\u00e9sister. D\u00e9sob\u00e9ir, parfois.<\/p>\n<p>Oui \u00e0 l&rsquo;action concr\u00e8te et constructive\u00a0!<\/p>\n<p>L&rsquo;engagement, l&rsquo;envie d&rsquo;agir, et le passage \u00e0 l&rsquo;action feront certainement la diff\u00e9rence.<\/p>\n<p>Des \u00e9l\u00e9ments de r\u00e9ponses sont d\u00e9j\u00e0 sous nos yeux. Partout autour de nous fleurissent et se d\u00e9veloppent des initiatives inspirantes &#8211; qu&rsquo;elles soient dans l&rsquo;\u00e9conomie locale et sociale, l&rsquo;entraide, la finance solidaire et participative, le d\u00e9veloppement de la cr\u00e9ativit\u00e9, de l&rsquo;esprit d&rsquo;initiative et d&rsquo;entreprenariat, l&rsquo;agriculture naturelle et biologique, les villes en transition, les nouveaux mod\u00e8les \u00e9nerg\u00e9tiques d\u00e9centralis\u00e9s, les comit\u00e9s de quartier&#8230; A la ville et \u00e0 la campagne comme dans les banlieues.<\/p>\n<p>Envisager ces r\u00e9ponses et alternatives \u2013 et bien d&rsquo;autres qu&rsquo;il reste \u00e0 inventer \u2013 c&rsquo;est se projeter dans un monde d&rsquo;autres possibles. C&rsquo;est reconna\u00eetre les difficult\u00e9s, tout en cherchant les moyens de les d\u00e9passer.<\/p>\n<p>A nous, \u00e0 vous, de prendre part \u00e0 la construction de r\u00e9ponses, de solutions, d&rsquo;alternatives concr\u00e8tes aux aspects du monde qui ne nous convient pas. C&rsquo;est probablement la meilleure fa\u00e7on de rendre hommage \u00e0 St\u00e9phane Hessel.<\/p>\n<p><b>Christiane Hessel et Gilles Vanderpooten<\/b> sont les co-auteurs du livre <i>St\u00e9phane Hessel, irr\u00e9sistible optimiste<\/i>\u00a0aux \u00e9ditions de l&rsquo;Aube.<\/p>\n<p>&nbsp;<\/p>\n<p>&gt;\u00a0<b>Christiane Hessel-Chabry<\/b>, 85 ans, \u00e9pouse et complice de St\u00e9phane Hessel, a partag\u00e9 avec lui de nombreux engagements dont la d\u00e9fense des sans papiers et des enfants de Gaza. Elle est l&rsquo;auteur de <i>Gaza, j&rsquo;\u00e9cris ton nom<\/i> aux \u00e9ditions Indig\u00e8nes.<\/p>\n<p>&gt;\u00a0<b>Gilles Vanderpooten<\/b>, 28 ans, a co\u00e9crit <i>Engagez-vous\u00a0!<\/i> avec St\u00e9phane Hessel, point de d\u00e9part d&rsquo;une s\u00e9rie de livres d\u2019entretiens avec des personnalit\u00e9s aussi \u00e9clectiques que Danielle Mitterrand (<i>Ce que je n\u2019accepte pas<\/i>), Guy Bedos (<i>J\u2019ai fait un r\u00eave<\/i>) ou Philippe Starck (<i>Impression d\u2019ailleurs<\/i>), aux \u00e9ditions de L\u2019Aube. Il dirige l\u2019ONG Reporters d\u2019Espoirs qui promeut \u00ab\u00a0une information qui donne envie d\u2019agir\u00a0\u00bb.<\/p>\n<p>Source originale : <a href=\"http:\/\/blogs.mediapart.fr\/edition\/les-invites-de-mediapart\/article\/020314\/stephane-hessel-hommage-un-irresistible-optimiste-et-la-jeunesse \">http:\/\/blogs.mediapart.fr\/edition\/les-invites-de-mediapart\/article\/020314\/stephane-hessel-hommage-un-irresistible-optimiste-et-la-jeunesse <\/a><\/p>\n<\/div>\n<\/div>\n","protected":false},"excerpt":{"rendered":"<p>St\u00e9phane Hessel : hommage \u00e0 un irr\u00e9sistible optimiste&#8230; et \u00e0 la jeunesse 02 mars 2014 |\u00a0 Par Les invit\u00e9s de Mediapart Pour le premier anniversaire de la disparition de St\u00e9phane Hessel, Christiane Hessel-Chabry, son \u00e9pouse et complice, et Gilles Vanderpooten, co-auteur de Engagez-vous\u00a0!, rappellent l&rsquo;actualit\u00e9 de son h\u00e9ritage. Depuis sa disparition le 27 f\u00e9vrier 2013, [&hellip;]<\/p>\n","protected":false},"author":1,"featured_media":7666,"comment_status":"open","ping_status":"open","sticky":false,"template":"","format":"standard","meta":{"_acf_changed":false,"footnotes":""},"categories":[76,78,79],"tags":[],"class_list":["post-7850","post","type-post","status-publish","format-standard","has-post-thumbnail","hentry","category-dans-les-medias","category-stephane-hessel","category-tribunes"],"acf":[],"_links":{"self":[{"href":"https:\/\/vivelaterre.com\/livres2026\/wp-json\/wp\/v2\/posts\/7850","targetHints":{"allow":["GET"]}}],"collection":[{"href":"https:\/\/vivelaterre.com\/livres2026\/wp-json\/wp\/v2\/posts"}],"about":[{"href":"https:\/\/vivelaterre.com\/livres2026\/wp-json\/wp\/v2\/types\/post"}],"author":[{"embeddable":true,"href":"https:\/\/vivelaterre.com\/livres2026\/wp-json\/wp\/v2\/users\/1"}],"replies":[{"embeddable":true,"href":"https:\/\/vivelaterre.com\/livres2026\/wp-json\/wp\/v2\/comments?post=7850"}],"version-history":[{"count":1,"href":"https:\/\/vivelaterre.com\/livres2026\/wp-json\/wp\/v2\/posts\/7850\/revisions"}],"predecessor-version":[{"id":7851,"href":"https:\/\/vivelaterre.com\/livres2026\/wp-json\/wp\/v2\/posts\/7850\/revisions\/7851"}],"wp:featuredmedia":[{"embeddable":true,"href":"https:\/\/vivelaterre.com\/livres2026\/wp-json\/wp\/v2\/media\/7666"}],"wp:attachment":[{"href":"https:\/\/vivelaterre.com\/livres2026\/wp-json\/wp\/v2\/media?parent=7850"}],"wp:term":[{"taxonomy":"category","embeddable":true,"href":"https:\/\/vivelaterre.com\/livres2026\/wp-json\/wp\/v2\/categories?post=7850"},{"taxonomy":"post_tag","embeddable":true,"href":"https:\/\/vivelaterre.com\/livres2026\/wp-json\/wp\/v2\/tags?post=7850"}],"curies":[{"name":"wp","href":"https:\/\/api.w.org\/{rel}","templated":true}]}}