{"id":7853,"date":"2014-03-07T00:56:09","date_gmt":"2014-03-06T23:56:09","guid":{"rendered":"http:\/\/vivelaterre.com\/livres2026\/?p=7853"},"modified":"2014-03-07T00:56:09","modified_gmt":"2014-03-06T23:56:09","slug":"guy-bedos-christiane-hessel-gilles-vanderpooten-au-salon-du-livre-de-paris-le-2232014-a-14h","status":"publish","type":"post","link":"https:\/\/vivelaterre.com\/livres2026\/2014\/03\/guy-bedos-christiane-hessel-gilles-vanderpooten-au-salon-du-livre-de-paris-le-2232014-a-14h\/","title":{"rendered":"Guy Bedos, Christiane Hessel, Gilles Vanderpooten &#8211; au salon du livre de Paris le 22\/3\/2014 \u00e0 14h"},"content":{"rendered":"<h2>Guy Bedos, Christiane Hessel, et Gilles Vanderpooten, sont invit\u00e9s du Salon du livre de Paris, le samedi 22 mars 2014 \u00e0 14h.<\/h2>\n<p>Vous pourrez les rencontrer et faire d\u00e9dicacer leurs ouvrages :<\/p>\n<ul>\n<li><a title=\"Guy Bedos, J\u2019ai fait un r\u00eave\" href=\"http:\/\/vivelaterre.com\/livres2026\/portfolio\/guy-bedos-jai-fait-un-reve\/\">\u00ab\u00a0J&rsquo;ai fait un r\u00eave\u00a0\u00bb<\/a>, livre d&rsquo;entretiens entre <a title=\"Guy Bedos\" href=\"http:\/\/vivelaterre.com\/livres2026\/?post_type=employees&amp;p=7751\">Guy BEDOS<\/a> et <a title=\"Gilles Vanderpooten\" href=\"http:\/\/vivelaterre.com\/livres2026\/?post_type=employees&amp;p=7790\">Gilles Vanderpooten<\/a>, paru aux \u00e9ditions de l&rsquo;Aube<\/li>\n<li>\u00ab\u00a0<a title=\"St\u00e9phane Hessel, irr\u00e9sistible optimiste\" href=\"http:\/\/vivelaterre.com\/livres2026\/portfolio\/stephane-hessel-irresistible-optimiste-2\/\">St\u00e9phane irr\u00e9sistible, irr\u00e9sistible optimiste<\/a>\u00ab\u00a0, coordonn\u00e9 par <a title=\"Christiane Hessel\" href=\"http:\/\/vivelaterre.com\/livres2026\/?post_type=employees&amp;p=7745\">Christiane Hessel<\/a> et <a title=\"Gilles Vanderpooten\" href=\"http:\/\/vivelaterre.com\/livres2026\/?post_type=employees&amp;p=7790\">Gilles Vanderpooten<\/a>, avec la participation de Guy Bedos et de 45 co-auteurs, amis et connaissances de St\u00e9phane Hessel.<\/li>\n<\/ul>\n<p>Au plaisir de vous y rencontrer sur le stand des Editions de l&rsquo;Aube.<\/p>\n<p><strong>&gt; + d&rsquo;infos sur le salon : <a href=\"http:\/\/www.salondulivreparis.com\/ \">www.salondulivreparis.com<\/a><\/strong><\/p>\n<p>&nbsp;<\/p>\n","protected":false},"excerpt":{"rendered":"<p>Guy Bedos, Christiane Hessel, et Gilles Vanderpooten, sont invit\u00e9s du Salon du livre de Paris, le samedi 22 mars 2014 \u00e0 14h. Vous pourrez les rencontrer et faire d\u00e9dicacer leurs ouvrages : \u00ab\u00a0J&rsquo;ai fait un r\u00eave\u00a0\u00bb, livre d&rsquo;entretiens entre Guy BEDOS et Gilles Vanderpooten, paru aux \u00e9ditions de l&rsquo;Aube \u00ab\u00a0St\u00e9phane irr\u00e9sistible, irr\u00e9sistible optimiste\u00ab\u00a0, coordonn\u00e9 par [&hellip;]<\/p>\n","protected":false},"author":1,"featured_media":7854,"comment_status":"open","ping_status":"open","sticky":false,"template":"","format":"standard","meta":{"_acf_changed":false,"footnotes":""},"categories":[75],"tags":[99,87,101,103,100,102,86],"class_list":["post-7853","post","type-post","status-publish","format-standard","has-post-thumbnail","hentry","category-rendez-vous","tag-bedos","tag-hessel","tag-jai-fait-un-reve","tag-laube","tag-salon-du-livre-de-paris","tag-stephane-hessel-irresistible-optimiste","tag-vanderpooten"],"acf":[],"_links":{"self":[{"href":"https:\/\/vivelaterre.com\/livres2026\/wp-json\/wp\/v2\/posts\/7853","targetHints":{"allow":["GET"]}}],"collection":[{"href":"https:\/\/vivelaterre.com\/livres2026\/wp-json\/wp\/v2\/posts"}],"about":[{"href":"https:\/\/vivelaterre.com\/livres2026\/wp-json\/wp\/v2\/types\/post"}],"author":[{"embeddable":true,"href":"https:\/\/vivelaterre.com\/livres2026\/wp-json\/wp\/v2\/users\/1"}],"replies":[{"embeddable":true,"href":"https:\/\/vivelaterre.com\/livres2026\/wp-json\/wp\/v2\/comments?post=7853"}],"version-history":[{"count":1,"href":"https:\/\/vivelaterre.com\/livres2026\/wp-json\/wp\/v2\/posts\/7853\/revisions"}],"predecessor-version":[{"id":7855,"href":"https:\/\/vivelaterre.com\/livres2026\/wp-json\/wp\/v2\/posts\/7853\/revisions\/7855"}],"wp:featuredmedia":[{"embeddable":true,"href":"https:\/\/vivelaterre.com\/livres2026\/wp-json\/wp\/v2\/media\/7854"}],"wp:attachment":[{"href":"https:\/\/vivelaterre.com\/livres2026\/wp-json\/wp\/v2\/media?parent=7853"}],"wp:term":[{"taxonomy":"category","embeddable":true,"href":"https:\/\/vivelaterre.com\/livres2026\/wp-json\/wp\/v2\/categories?post=7853"},{"taxonomy":"post_tag","embeddable":true,"href":"https:\/\/vivelaterre.com\/livres2026\/wp-json\/wp\/v2\/tags?post=7853"}],"curies":[{"name":"wp","href":"https:\/\/api.w.org\/{rel}","templated":true}]}}