{"id":7864,"date":"2014-04-16T23:58:32","date_gmt":"2014-04-16T21:58:32","guid":{"rendered":"http:\/\/vivelaterre.com\/livres2026\/?p=7864"},"modified":"2014-04-17T00:53:46","modified_gmt":"2014-04-16T22:53:46","slug":"rencontre-avec-aung-san-suu-kyi","status":"publish","type":"post","link":"https:\/\/vivelaterre.com\/livres2026\/2014\/04\/rencontre-avec-aung-san-suu-kyi\/","title":{"rendered":"Rencontre avec Aung san suu kyi"},"content":{"rendered":"<p>Aung san suu kyi, la c\u00e9l\u00e8bre dissidente birmane, de visite en France, \u00e9tait ce mercredi 16 avril 2014 au Conseil \u00e9conomique social et environnemental o\u00f9 nous l&rsquo;avons salu\u00e9e.<\/p>\n<p>A cette occasion lui a \u00e9t\u00e9 remis le livre \u00ab\u00a0<a title=\"I HAVE A DREAM, hommage \u00e0 Martin Luther King\" href=\"http:\/\/vivelaterre.com\/livres2026\/portfolio\/i-have-a-dream\/\">I have a dream, un nouveau monde se dessine<\/a>\u00a0\u00bb dans lequel figure le portrait de \u00ab\u00a0la dame de Rangoon\u00a0\u00bb, croqu\u00e9 par Plantu et \u00e9crit par M.Vanderpooten, aux c\u00f4t\u00e9s des portraits de ses inspirateurs -Mandela, Vaclav Havel, Martin Luther King.<\/p>\n<p>Un grand moment !<\/p>\n<p>&nbsp;<\/p>\n<p>&nbsp;<\/p>\n","protected":false},"excerpt":{"rendered":"<p>Aung san suu kyi, la c\u00e9l\u00e8bre dissidente birmane, de visite en France, \u00e9tait ce mercredi 16 avril 2014 au Conseil \u00e9conomique social et environnemental o\u00f9 nous l&rsquo;avons salu\u00e9e. A cette occasion lui a \u00e9t\u00e9 remis le livre \u00ab\u00a0I have a dream, un nouveau monde se dessine\u00a0\u00bb dans lequel figure le portrait de \u00ab\u00a0la dame de [&hellip;]<\/p>\n","protected":false},"author":1,"featured_media":7865,"comment_status":"open","ping_status":"open","sticky":false,"template":"","format":"standard","meta":{"_acf_changed":false,"footnotes":""},"categories":[75],"tags":[],"class_list":["post-7864","post","type-post","status-publish","format-standard","has-post-thumbnail","hentry","category-rendez-vous"],"acf":[],"_links":{"self":[{"href":"https:\/\/vivelaterre.com\/livres2026\/wp-json\/wp\/v2\/posts\/7864","targetHints":{"allow":["GET"]}}],"collection":[{"href":"https:\/\/vivelaterre.com\/livres2026\/wp-json\/wp\/v2\/posts"}],"about":[{"href":"https:\/\/vivelaterre.com\/livres2026\/wp-json\/wp\/v2\/types\/post"}],"author":[{"embeddable":true,"href":"https:\/\/vivelaterre.com\/livres2026\/wp-json\/wp\/v2\/users\/1"}],"replies":[{"embeddable":true,"href":"https:\/\/vivelaterre.com\/livres2026\/wp-json\/wp\/v2\/comments?post=7864"}],"version-history":[{"count":1,"href":"https:\/\/vivelaterre.com\/livres2026\/wp-json\/wp\/v2\/posts\/7864\/revisions"}],"predecessor-version":[{"id":7866,"href":"https:\/\/vivelaterre.com\/livres2026\/wp-json\/wp\/v2\/posts\/7864\/revisions\/7866"}],"wp:featuredmedia":[{"embeddable":true,"href":"https:\/\/vivelaterre.com\/livres2026\/wp-json\/wp\/v2\/media\/7865"}],"wp:attachment":[{"href":"https:\/\/vivelaterre.com\/livres2026\/wp-json\/wp\/v2\/media?parent=7864"}],"wp:term":[{"taxonomy":"category","embeddable":true,"href":"https:\/\/vivelaterre.com\/livres2026\/wp-json\/wp\/v2\/categories?post=7864"},{"taxonomy":"post_tag","embeddable":true,"href":"https:\/\/vivelaterre.com\/livres2026\/wp-json\/wp\/v2\/tags?post=7864"}],"curies":[{"name":"wp","href":"https:\/\/api.w.org\/{rel}","templated":true}]}}