{"id":7868,"date":"2010-02-17T02:26:36","date_gmt":"2010-02-17T01:26:36","guid":{"rendered":"http:\/\/vivelaterre.com\/livres2026\/?p=7868"},"modified":"2014-04-27T02:30:29","modified_gmt":"2014-04-27T00:30:29","slug":"opti-pessimisme-jeune-generation-copenhague-gilles-vanderpooten","status":"publish","type":"post","link":"https:\/\/vivelaterre.com\/livres2026\/2010\/02\/opti-pessimisme-jeune-generation-copenhague-gilles-vanderpooten\/","title":{"rendered":"Vive l&rsquo;avenir ? L&rsquo;opti-pessimisme de la jeune g\u00e9n\u00e9ration apr\u00e8s Copenhague"},"content":{"rendered":"<h2>Vive l&rsquo;avenir ? L&rsquo;opti-pessimisme de la jeune g\u00e9n\u00e9ration apr\u00e8s Copenhague<br \/>\n<strong>Par VANDERPOOTEN GILLES, f\u00e9vrier 2010<br \/>\n<\/strong><\/h2>\n<p><em>Les responsables politiques actuels seront-ils un jour convoqu\u00e9s par leurs enfants et petits-enfants devant un tribunal plan\u00e9taire ? L&rsquo;opti-pessimisme de la jeune g\u00e9n\u00e9ration apr\u00e8s Copenhague.<\/em><br \/>\n<em> Par Gilles Vanderpooten, 24 ans, Pr\u00e9sident de l&rsquo;association Vive la Terre et Fondateur du Tour de France du d\u00e9veloppement durable<\/em>.<\/p>\n<p>Objectif d\u00e9clar\u00e9 : \u00ab Sauver la plan\u00e8te \u00bb. Ils \u00e9taient 30.000 pour cela \u00e0 Copenhague \u2013 ceux qui pr\u00e9parent notre avenir. Un consensus fort ne pouvait que l&#8217;emporter, face aux menaces qui p\u00e8sent sur le futur de l&rsquo;humanit\u00e9.<br \/>\nNous, g\u00e9n\u00e9ration des 20-30 ans, pouvions nous dire paradoxalement \u00ab Vive la crise ! \u00bb.<br \/>\nVive cette crise, \u00e9conomique et \u00e9cologique (mais aussi sociale, \u00e9thique, politique), qui allait obliger nos d\u00e9cideurs, en charge de g\u00e9rer le pr\u00e9sent et de pr\u00e9parer l&rsquo;avenir, \u00e0 prendre pleinement conscience de leurs immenses et d\u00e9cisives responsabilit\u00e9s, et \u00e0 agir en cons\u00e9quence.<\/p>\n<p>Au lendemain de Copenhague, la majorit\u00e9 des commentateurs a d\u00e9nonc\u00e9 \u00ab l&rsquo;irresponsabilit\u00e9 des responsables \u00bb. La plan\u00e8te s&rsquo;en sortira, mais l&rsquo;humanit\u00e9 ? Mais nous ? Quel h\u00e9ritage ? Au-del\u00e0 des querelles d&rsquo;experts, notre interpellation est directe : Vous qui parlez de vos petits-enfants, qui seront nos enfants, avez-vous pris toute la mesure de vos non-d\u00e9cisions ? Quels parents et grands-parents \u00eates-vous, pour avoir pris le risque \u00e9vident de nous entendre vous dire que vous avez trahi votre devoir le plus essentiel ?<br \/>\nAlors que l&rsquo;ampleur des changements et des bouleversements en cours et \u00e0 venir appelle \u00e0 une remise en question globale et \u00e0 la prise de responsabilit\u00e9 collective, que nous offrez-vous sinon le spectacle d&rsquo;une impuissance g\u00e9n\u00e9rale ?<br \/>\nEn 1987 le rapport Brundtland d\u00e9finissait le concept de d\u00e9veloppement durable et appelait \u00e0 consid\u00e9rer les \u00ab g\u00e9n\u00e9rations futures \u00bb. Elles arrivent ! Elles sont l\u00e0 !! Nous sommes l\u00e0.<br \/>\nEt pr\u00eats \u00e0 vous interpeller : \u00ab O ministres int\u00e8gres ! Conseillers vertueux ! \u2026 \u00bb. La jeune g\u00e9n\u00e9ration vous a observ\u00e9s. Elle sait qu&rsquo;elle ne doit pas tout attendre de l&rsquo;action politique. Elle vous a press\u00e9s cependant de r\u00e9pondre \u00e0 ses attentes&#8230;<br \/>\nVous avez pris un risque consid\u00e9rable : celui de voir bient\u00f4t vos enfants et vos concitoyens devenir vos accusateurs. Serons nous amen\u00e9s dans 20 ans \u00e0 nous porter partie civile dans un tribunal international pour juger le crime ultime et universel contre l&rsquo;humanit\u00e9 ?<\/p>\n<p>\u00ab Opti-pessimistes \u00bb nous sommes encore, selon les encouragements du sage Edgar Morin et du v\u00e9n\u00e9rable enthousiaste St\u00e9phane Hessel. Pessimistes quant \u00e0 la r\u00e9alit\u00e9 de la menace et \u00e0 l&rsquo;efficacit\u00e9 politique, optimistes parce qu&rsquo;il faut vivre et agir encore.<br \/>\nDes solutions existent, dans le respect et l&rsquo;exaltation de la diversit\u00e9. Qu&rsquo;elles se nomment agriculture durable et biologique, \u00e9nergies renouvelables et non polluantes, \u00e9conomie sociale, commerce \u00e9thique et \u00e9quitable, respect des hommes et des cultures, etc., elles contribuent au d\u00e9veloppement d&rsquo;une \u00e9conomie relocalis\u00e9e, socialement responsable, \u00e9conome en \u00e9nergie et respectueuse de notre Terre-Patrie.<br \/>\nCes alternatives cr\u00e9dibles n&rsquo;ont pas attendu que le temps du politique ou du l\u00e9gislateur s&rsquo;adapte aux exigences des imp\u00e9ratifs \u00e9cologiques, sociaux, soci\u00e9taux et reconnaisse leur interd\u00e9pendance. Elles appellent toutefois plus que jamais le soutien des politiques mondiales, nationales, r\u00e9gionales, locales\u2026<\/p>\n<p>\u00ab Vive l&rsquo;avenir \u00bb. C&rsquo;est une lueur d&rsquo;espoir dans une \u00e8re de d\u00e9sesp\u00e9rance. C&rsquo;est le cri de la jeune g\u00e9n\u00e9ration qui s&rsquo;inqui\u00e8te mais se refuse \u00e0 d\u00e9sesp\u00e9rer.<\/p>\n","protected":false},"excerpt":{"rendered":"<p>Vive l&rsquo;avenir ? L&rsquo;opti-pessimisme de la jeune g\u00e9n\u00e9ration apr\u00e8s Copenhague Par VANDERPOOTEN GILLES, f\u00e9vrier 2010 Les responsables politiques actuels seront-ils un jour convoqu\u00e9s par leurs enfants et petits-enfants devant un tribunal plan\u00e9taire ? L&rsquo;opti-pessimisme de la jeune g\u00e9n\u00e9ration apr\u00e8s Copenhague. Par Gilles Vanderpooten, 24 ans, Pr\u00e9sident de l&rsquo;association Vive la Terre et Fondateur du Tour [&hellip;]<\/p>\n","protected":false},"author":1,"featured_media":0,"comment_status":"open","ping_status":"open","sticky":false,"template":"","format":"standard","meta":{"_acf_changed":false,"footnotes":""},"categories":[79],"tags":[105,106,87,107,104],"class_list":["post-7868","post","type-post","status-publish","format-standard","hentry","category-tribunes","tag-avenir","tag-copenhague","tag-hessel","tag-morin","tag-vive-lavenir"],"acf":[],"_links":{"self":[{"href":"https:\/\/vivelaterre.com\/livres2026\/wp-json\/wp\/v2\/posts\/7868","targetHints":{"allow":["GET"]}}],"collection":[{"href":"https:\/\/vivelaterre.com\/livres2026\/wp-json\/wp\/v2\/posts"}],"about":[{"href":"https:\/\/vivelaterre.com\/livres2026\/wp-json\/wp\/v2\/types\/post"}],"author":[{"embeddable":true,"href":"https:\/\/vivelaterre.com\/livres2026\/wp-json\/wp\/v2\/users\/1"}],"replies":[{"embeddable":true,"href":"https:\/\/vivelaterre.com\/livres2026\/wp-json\/wp\/v2\/comments?post=7868"}],"version-history":[{"count":1,"href":"https:\/\/vivelaterre.com\/livres2026\/wp-json\/wp\/v2\/posts\/7868\/revisions"}],"predecessor-version":[{"id":7869,"href":"https:\/\/vivelaterre.com\/livres2026\/wp-json\/wp\/v2\/posts\/7868\/revisions\/7869"}],"wp:attachment":[{"href":"https:\/\/vivelaterre.com\/livres2026\/wp-json\/wp\/v2\/media?parent=7868"}],"wp:term":[{"taxonomy":"category","embeddable":true,"href":"https:\/\/vivelaterre.com\/livres2026\/wp-json\/wp\/v2\/categories?post=7868"},{"taxonomy":"post_tag","embeddable":true,"href":"https:\/\/vivelaterre.com\/livres2026\/wp-json\/wp\/v2\/tags?post=7868"}],"curies":[{"name":"wp","href":"https:\/\/api.w.org\/{rel}","templated":true}]}}