{"id":7876,"date":"2014-06-09T02:15:11","date_gmt":"2014-06-09T00:15:11","guid":{"rendered":"http:\/\/vivelaterre.com\/livres2026\/?p=7876"},"modified":"2014-06-09T02:15:11","modified_gmt":"2014-06-09T00:15:11","slug":"raoni-en-tournee-en-france-meme-en-periode-de-coupe-du-monde-la-deforestation-continue","status":"publish","type":"post","link":"https:\/\/vivelaterre.com\/livres2026\/2014\/06\/raoni-en-tournee-en-france-meme-en-periode-de-coupe-du-monde-la-deforestation-continue\/","title":{"rendered":"Raoni en tourn\u00e9e en France : M\u00eame en p\u00e9riode de Coupe du monde, la d\u00e9forestation continue"},"content":{"rendered":"<p>Le chef Raoni, c\u00e9l\u00e8bre porte-voix des peuples indig\u00e8nes, embl\u00e8me de la lutte pour la pr\u00e9servation de la for\u00eat amazonienne et pour le droit \u00e0 l&rsquo;autod\u00e9termination, est de passage en France, 25 ans apr\u00e8s sa premi\u00e8re venue. Nous l&rsquo;avons rencontr\u00e9 le 4 juin 2014 au Conseil \u00e9conomique social et environnemental \u00e0 Paris, aux c\u00f4t\u00e9s des centaines de personnes venues s&rsquo;informer et soutenir son action.<br \/>\nLes nouvelles ne sont pas bonnes et c&rsquo;est pr\u00e9cis\u00e9ment ce qui l&rsquo;incite \u00e0 effectuer cette tourn\u00e9e, <em>\u00ab\u00a0probablement la derni\u00e8re\u00a0\u00bb<\/em>, alors que d\u00e9bute au Br\u00e9sil la Coupe du monde de football.\u00a0<em> \u00ab\u00a0M\u00eame en p\u00e9riode de Coupe du monde, la d\u00e9forestation continue\u00a0\u00bb<\/em> nous rappelle-t-il.<\/p>\n<p>En 2011, J\u00e9romine Pasteur, exploratrice qui connait bien l&rsquo;Amazonie et ses peuples pour avoir v\u00e9cu pendant 25 ans \u00e0 leurs c\u00f4t\u00e9s (voir <em>l&rsquo;ouvrage <\/em><a title=\"J\u00e9romine Pasteur, La Vie est un chemin qui a du coeur\" href=\"http:\/\/vivelaterre.com\/livres2026\/portfolio\/jeromine-pasteur\/\"><em>La vie est un chemin qui a du coeur<\/em><\/a>, ed. de L&rsquo;Aube), attirait notre attention sur les dangers des barrages hydro\u00e9lectriques qui y pullulent, notamment celui de Pakitzapango (Amazonie p\u00e9ruvienne) mena\u00e7ant de noyer 100 000 hectares de for\u00eat primaire, de d\u00e9placer 10 000 personnes et de g\u00e9n\u00e9rer par la m\u00eame occasion 900 000 tonnes de gaz \u00e0 effet de serre.<br \/>\nL&rsquo;ampleur de ce qui se passe \u00e0 Belo Monte au Br\u00e9sil et que redoutent Raoni et les siens est plus grande encore. Et la France &#8211; et ses entreprises notamment publiques- n&rsquo;y est pas \u00e9trang\u00e8re.<\/p>\n<blockquote><p><em>\u00ab\u00a0Plusieurs entreprises fran\u00e7aises &#8211; EDF, GDF mais aussi Alstom &#8211; ont d\u00e9j\u00e0 investi ou aimeraient le faire dans des projets de grands barrages en Amazonie. Le plus embl\u00e9matique est celui du Belo Monte, dans le nord du pays, dont la mise en service est pr\u00e9vue pour cette ann\u00e9e. Il est situ\u00e9 en dehors des territoires indiens, mais il g\u00eanerait d\u00e9j\u00e0 le cours des poissons dont se nourrissent les Indiens. De plus, la zone inondable pourrait \u00ab\u00a0tuer des Indiens\u00a0\u00bb qui ne sont \u00ab\u00a0m\u00eame pas inform\u00e9s\u00a0\u00bb du projet, estime Megaron Txucarram\u00e3e. [&#8230;] Alors qu&rsquo;il l&rsquo;avait d\u00e9j\u00e0 re\u00e7u en 2012, Fran\u00e7ois Hollande a cette fois d\u00e9clin\u00e9 la sollicitation du chef indien. Pourtant, ce dernier aurait bien besoin du soutien de la France pour porter la seule initiative qui pourrait mieux sanctuariser le poumon vert de la plan\u00e8te : \u00e9largir le champ de comp\u00e9tences de la Cour p\u00e9nale internationale.\u00a0\u00bb (<a href=\"http:\/\/www.lepoint.fr\/environnement\/deforestation-barrages-le-combat-sans-fin-du-chef-raoni-05-06-2014-1832846_1927.php\" target=\"_blank\">Le Point<\/a>, 5-6-2014)<\/em><\/p><\/blockquote>\n<p>La venue de Raoni jusqu&rsquo;\u00e0 nous est l&rsquo;occasion de rappeler l&rsquo;hommage que nous lui avons rendu dans \u00ab\u00a0<a title=\"I HAVE A DREAM, hommage \u00e0 Martin Luther King\" href=\"http:\/\/vivelaterre.com\/livres2026\/portfolio\/i-have-a-dream\/\" target=\"_blank\"><em>I have a dream, un nouveau monde se dessine<\/em><\/a>\u00a0\u00bb publi\u00e9 en 2013 \u00e0 l&rsquo;occasion du 50e anniversaire du discours de Martin Luther King. Extraits :<\/p>\n<blockquote>\n<p align=\"left\">\u00ab\u00a0<i>Je suis convaincu que si nous voulons \u00eatre du bon c\u00f4t\u00e9 de la r\u00e9volution mondiale, nous devons en tant que nation entreprendre une r\u00e9volution radicale des valeurs. Nous devons rapidement commencer \u00e0 passer d&rsquo;une soci\u00e9t\u00e9 orient\u00e9e vers les choses \u00e0 une soci\u00e9t\u00e9 orient\u00e9e vers la personne.\u00a0\u00bb<br \/>\n<\/i>Martin Luther King<\/p>\n<p align=\"left\"><i>\u00ab\u00a0J&rsquo;aimerais que les Indiens vivent tranquilles dans la for\u00eat, qu&rsquo;ils puissent chasser, p\u00eacher et aussi chanter et danser au village. C&rsquo;est cela la vie des Kayapos. Je ne veux pas que les Indiens deviennent comme les Blancs.\u00a0\u00bb<br \/>\n<\/i>Raoni<\/p>\n<\/blockquote>\n<p>&nbsp;<\/p>\n<blockquote><p>\u00ab\u00a0Les Blancs\u00a0\u00bb, pour les peuples autochtones d\u2019Am\u00e9rique du Nord et du Sud, d\u2019Afrique, d\u2019Asie, d\u2019Oc\u00e9anie, ce sont les b\u00fbcherons qui d\u00e9frichent pour vendre le bois et faire place aux monocultures de soja, de ma\u00efs, de palmier \u00e0 huile, avec l\u2019habituel \u00ab\u00a0paquet technologique\u00a0\u00bb h\u00e9rit\u00e9 de la R\u00e9volution verte des ann\u00e9es 1960 (m\u00e9canisation, engrais chimiques, herbicides et pesticides, r\u00e9seaux routiers). Ce sont les troupeaux\u00a0du ranching qui substitue la prairie pour l\u2019\u00e9levage bovin aux for\u00eats anciennes, laissant au bout de quelques ann\u00e9es des sols \u00e9puis\u00e9s. Ce sont les industries mini\u00e8res, qui impliquent d\u2019importants d\u00e9frichements et des pollutions annexes. C\u2019est l\u2019exploitation p\u00e9troli\u00e8re qui provoque des d\u00e9g\u00e2ts sur l&rsquo;environnement. Ce sont les barrages hydro\u00e9lectriques qui inondent des centaines de milliers de kilom\u00e8tres carr\u00e9s, parfois d\u00e9nonc\u00e9s comme \u00ab folie technique et environnementale\u00a0\u00bb.<\/p>\n<p>Ces bouleversements de l\u2019environnement s\u2019accompagnent de conflits sociaux souvent violents (l&rsquo;esclavagisme est une r\u00e9alit\u00e9 quotidienne dans certaines grandes exploitations agricoles du Br\u00e9sil), de l\u2019invasion des r\u00e9serves indig\u00e8nes, la corruption, l\u2019ins\u00e9curit\u00e9, la contrebande, l\u2019alcoolisme, la prostitution, la diffusion des maladies. On \u00e9voque des d\u00e9placements de populations, voire des exterminations.<\/p>\n<p>Raoni a appris que sur d\u2019autres continents, d\u2019autres peuples \u00e9prouvent les m\u00eames souffrances.<\/p>\n[&#8230;]\n<p>Pour d\u00e9fendre son territoire, Raoni a tu\u00e9, pris des otages, coup\u00e9 des routes. Le premier moyen de prot\u00e9ger les terres des Indiens, c\u2019est de les d\u00e9limiter et de faire reconna\u00eetre leur inviolabilit\u00e9. De grands travaux de d\u00e9marcation ont \u00e9t\u00e9 entrepris par des g\u00e9om\u00e8tres accompagn\u00e9s d\u2019Indiens, aboutissant aujourd\u2019hui \u00e0 la plus grande r\u00e9serve d&rsquo;Amazonie<\/p>\n<p>En 2012, Dilma Roussef, la pr\u00e9sidente du Br\u00e9sil, a donn\u00e9 son approbation pour la construction du troisi\u00e8me plus grand barrage hydro\u00e9lectrique du monde, sur le territoire des Kayapos. \u00ab\u00a0J&rsquo;ai demand\u00e9 \u00e0 mes guerriers de se pr\u00e9parer \u00e0 la guerre, j&rsquo;en ai parl\u00e9 aussi aux tribus du Haut Xing\u00fa. Nous ne nous laisserons pas faire. Nous irons tuer les Blancs qui construisent ce barrage. Il faudra que la pr\u00e9sidente Dilma me tue face au Palais du Planalto. L\u00e0, seulement, vous pourrez construire le barrage de Belo Monte.\u00a0\u00bb<\/p><\/blockquote>\n","protected":false},"excerpt":{"rendered":"<p>Le chef Raoni, c\u00e9l\u00e8bre porte-voix des peuples indig\u00e8nes, embl\u00e8me de la lutte pour la pr\u00e9servation de la for\u00eat amazonienne et pour le droit \u00e0 l&rsquo;autod\u00e9termination, est de passage en France, 25 ans apr\u00e8s sa premi\u00e8re venue. Nous l&rsquo;avons rencontr\u00e9 le 4 juin 2014 au Conseil \u00e9conomique social et environnemental \u00e0 Paris, aux c\u00f4t\u00e9s des centaines [&hellip;]<\/p>\n","protected":false},"author":1,"featured_media":7878,"comment_status":"open","ping_status":"open","sticky":false,"template":"","format":"standard","meta":{"_acf_changed":false,"footnotes":""},"categories":[76,77],"tags":[],"class_list":["post-7876","post","type-post","status-publish","format-standard","has-post-thumbnail","hentry","category-dans-les-medias","category-hommage"],"acf":[],"_links":{"self":[{"href":"https:\/\/vivelaterre.com\/livres2026\/wp-json\/wp\/v2\/posts\/7876","targetHints":{"allow":["GET"]}}],"collection":[{"href":"https:\/\/vivelaterre.com\/livres2026\/wp-json\/wp\/v2\/posts"}],"about":[{"href":"https:\/\/vivelaterre.com\/livres2026\/wp-json\/wp\/v2\/types\/post"}],"author":[{"embeddable":true,"href":"https:\/\/vivelaterre.com\/livres2026\/wp-json\/wp\/v2\/users\/1"}],"replies":[{"embeddable":true,"href":"https:\/\/vivelaterre.com\/livres2026\/wp-json\/wp\/v2\/comments?post=7876"}],"version-history":[{"count":2,"href":"https:\/\/vivelaterre.com\/livres2026\/wp-json\/wp\/v2\/posts\/7876\/revisions"}],"predecessor-version":[{"id":7879,"href":"https:\/\/vivelaterre.com\/livres2026\/wp-json\/wp\/v2\/posts\/7876\/revisions\/7879"}],"wp:featuredmedia":[{"embeddable":true,"href":"https:\/\/vivelaterre.com\/livres2026\/wp-json\/wp\/v2\/media\/7878"}],"wp:attachment":[{"href":"https:\/\/vivelaterre.com\/livres2026\/wp-json\/wp\/v2\/media?parent=7876"}],"wp:term":[{"taxonomy":"category","embeddable":true,"href":"https:\/\/vivelaterre.com\/livres2026\/wp-json\/wp\/v2\/categories?post=7876"},{"taxonomy":"post_tag","embeddable":true,"href":"https:\/\/vivelaterre.com\/livres2026\/wp-json\/wp\/v2\/tags?post=7876"}],"curies":[{"name":"wp","href":"https:\/\/api.w.org\/{rel}","templated":true}]}}