{"id":7881,"date":"2014-08-02T01:37:38","date_gmt":"2014-08-01T23:37:38","guid":{"rendered":"http:\/\/vivelaterre.com\/livres2026\/?p=7881"},"modified":"2014-08-02T01:37:38","modified_gmt":"2014-08-01T23:37:38","slug":"sindigner-mais-encore-debat-a-trouville-sur-mer","status":"publish","type":"post","link":"https:\/\/vivelaterre.com\/livres2026\/2014\/08\/sindigner-mais-encore-debat-a-trouville-sur-mer\/","title":{"rendered":"S&rsquo;indigner ? Mais encore ? D\u00e9bat \u00e0 Trouville-sur-Mer"},"content":{"rendered":"<p><strong>S&rsquo;INDIGNER ? MAIS ENCORE ?<br \/>\n<\/strong><\/p>\n<p><strong>Christiane Hessel, <\/strong><strong>Pauline Miel, <\/strong><strong>Gilles Vanderpooten, <\/strong><strong> <\/strong><\/p>\n<p>S\u2019indigner et agir\u00a0! Comment donner la parole \u00e0 ces anonymes qui mettent leur indignation au service d\u2019une transformation silencieuse et n\u00e9anmoins efficace de notre quotidien ? T\u00e9moignages crois\u00e9s de Christiane Hessel, Gilles Vanderpooten, auteur notamment d\u2019un recueil d\u2019entretiens avec St\u00e9phane Hessel (<em>Engagez-vous !,<\/em> l\u2019Aube, 2011) et directeur de la r\u00e9daction de Reporters d&rsquo;Espoirs qui rend compte de parcours d\u2019entrepreneurs sociaux, d\u00e9sireux de \u00ab changer le monde \u00bb, et de Pauline Miel, qui participe \u00e0 la collection \u00ab Raconter la vie \u00bb con\u00e7ue par Pierre Rosanvallon, en vue de constituer un \u00ab Parlement des invisibles \u00bb.<\/p>\n<p>Pr\u00e9sentation : Sylvain Allemand, journaliste et auteur.<\/p>\n<p><strong>Mardi 29 juillet \u00e0 20h30<\/strong> H\u00f4tel de Ville <strong>Trouville\/Mer<\/strong> (table ronde). <em>Entr\u00e9e libre.<br \/>\n<\/em><\/p>\n<p><em>Un d\u00e9bat organis\u00e9 dans le cadre des Rencontres d&rsquo;\u00e9t\u00e9 &#8211; <a href=\"http:\/\/www.rencontresdete.fr\/ \">http:\/\/www.rencontresdete.fr\/ <\/a><\/em>et du parcours \u00ab\u00a0Voix de R\u00e9sistance\u00a0\u00bb : \u00ab\u00a0Cr\u00e9er, dans le r\u00e9el ou dans l&rsquo;imaginaire, c&rsquo;est r\u00e9sister. Des voix singuli\u00e8res et libres de Jacques Pr\u00e9vert et Marguerite Duras jusqu&rsquo;aux \u00e9critures de Didier Daeninckx et Jean-Pierre Sim\u00e9on&#8230; et bien d&rsquo;autres r\u00e9sistants \u00e0 la pens\u00e9e unique, qui \u00e0 leur mani\u00e8re veulent changer le monde. Parfois \u00e0 travers le rire, aussi, comme un barrage \u00e0 la pesanteur, au conformisme, \u00e0 l&#8217;embrigadement, comme un \u00e9lan irr\u00e9sistible vers la libert\u00e9.\u00a0\u00bb<\/p>\n","protected":false},"excerpt":{"rendered":"<p>S&rsquo;INDIGNER ? MAIS ENCORE ? Christiane Hessel, Pauline Miel, Gilles Vanderpooten, S\u2019indigner et agir\u00a0! Comment donner la parole \u00e0 ces anonymes qui mettent leur indignation au service d\u2019une transformation silencieuse et n\u00e9anmoins efficace de notre quotidien ? T\u00e9moignages crois\u00e9s de Christiane Hessel, Gilles Vanderpooten, auteur notamment d\u2019un recueil d\u2019entretiens avec St\u00e9phane Hessel (Engagez-vous !, l\u2019Aube, [&hellip;]<\/p>\n","protected":false},"author":1,"featured_media":7882,"comment_status":"open","ping_status":"open","sticky":false,"template":"","format":"standard","meta":{"_acf_changed":false,"footnotes":""},"categories":[75],"tags":[],"class_list":["post-7881","post","type-post","status-publish","format-standard","has-post-thumbnail","hentry","category-rendez-vous"],"acf":[],"_links":{"self":[{"href":"https:\/\/vivelaterre.com\/livres2026\/wp-json\/wp\/v2\/posts\/7881","targetHints":{"allow":["GET"]}}],"collection":[{"href":"https:\/\/vivelaterre.com\/livres2026\/wp-json\/wp\/v2\/posts"}],"about":[{"href":"https:\/\/vivelaterre.com\/livres2026\/wp-json\/wp\/v2\/types\/post"}],"author":[{"embeddable":true,"href":"https:\/\/vivelaterre.com\/livres2026\/wp-json\/wp\/v2\/users\/1"}],"replies":[{"embeddable":true,"href":"https:\/\/vivelaterre.com\/livres2026\/wp-json\/wp\/v2\/comments?post=7881"}],"version-history":[{"count":1,"href":"https:\/\/vivelaterre.com\/livres2026\/wp-json\/wp\/v2\/posts\/7881\/revisions"}],"predecessor-version":[{"id":7883,"href":"https:\/\/vivelaterre.com\/livres2026\/wp-json\/wp\/v2\/posts\/7881\/revisions\/7883"}],"wp:featuredmedia":[{"embeddable":true,"href":"https:\/\/vivelaterre.com\/livres2026\/wp-json\/wp\/v2\/media\/7882"}],"wp:attachment":[{"href":"https:\/\/vivelaterre.com\/livres2026\/wp-json\/wp\/v2\/media?parent=7881"}],"wp:term":[{"taxonomy":"category","embeddable":true,"href":"https:\/\/vivelaterre.com\/livres2026\/wp-json\/wp\/v2\/categories?post=7881"},{"taxonomy":"post_tag","embeddable":true,"href":"https:\/\/vivelaterre.com\/livres2026\/wp-json\/wp\/v2\/tags?post=7881"}],"curies":[{"name":"wp","href":"https:\/\/api.w.org\/{rel}","templated":true}]}}