{"id":7925,"date":"2014-12-31T18:47:53","date_gmt":"2014-12-31T17:47:53","guid":{"rendered":"http:\/\/vivelaterre.com\/livres2026\/?p=7925"},"modified":"2014-12-31T18:50:01","modified_gmt":"2014-12-31T17:50:01","slug":"vive2015-vivelavenir","status":"publish","type":"post","link":"https:\/\/vivelaterre.com\/livres2026\/2014\/12\/vive2015-vivelavenir\/","title":{"rendered":"Vive 2015, et Vive l&rsquo;avenir"},"content":{"rendered":"<div><strong><span style=\"font-size: large;\">Comme eux, nous ne savons pas que c&rsquo;est impossible&#8230;<\/span><\/strong><\/div>\n<div><\/div>\n<div><a href=\"http:\/\/vivelaterre.com\/livres2026\/wp-content\/uploads\/2014\/12\/voeux2015.jpg\"><img fetchpriority=\"high\" decoding=\"async\" class=\"alignnone size-full wp-image-7927\" alt=\"voeux2015vivelavenir\" src=\"http:\/\/vivelaterre.com\/livres2026\/wp-content\/uploads\/2014\/12\/voeux2015.jpg\" width=\"600\" height=\"537\" \/><\/a><\/div>\n<div><\/div>\n<div>\n<div><span style=\"font-size: small;\"><strong>Malala Yousafza\u00ef<\/strong>, 17 ans (Pakistan), militante du droit \u00e0 l\u2019\u00e9ducation. A 14 ans des talibans tentent de la tuer par une balle dans la t\u00eate. En 2014, elle re\u00e7oit le Prix Nobel de la Paix.<\/span><\/div>\n<div><span style=\"font-size: small;\"><strong>Fahim<\/strong>, 14 ans (Bangladesh). D\u00e9barque en France \u00e0 8 ans, sans papiers, sans un sous, SDF. \u201cSauv\u00e9\u201d par les \u00e9checs, il en devient Champion de France.<\/span><\/div>\n<div><span style=\"font-size: small;\"><strong>St\u00e9phane Hessel<\/strong> (France), R\u00e9sistant, Ambassadeur, militant des droits de l\u2019homme. A 92 ans il devint une ic\u00f4ne pour les Indign\u00e9s \u00e0 travers le monde.<\/span><\/div>\n<div><span style=\"font-size: small;\"><strong>Jos\u00e9 Mujica<\/strong> (Uruguay), paysan, ex-gu\u00e9rillero, \u00e9lu e<\/span><span style=\"font-size: small;\">n 2009 Pr\u00e9sident de la R\u00e9publique d\u2019Uruguay. Il reverse 90% de son salaire \u00e0 la collectivit\u00e9, pr\u00e9f\u00e8re au palais pr\u00e9sidentiel sa masure de 50m2 et sa vieille Coccinelle.<\/span><\/div>\n<div><\/div>\n<div><strong><span style=\"font-size: large;\">&#8230;Alors en 2015, \u00e0 nous de jouer !<\/span><\/strong><\/div>\n<\/div>\n","protected":false},"excerpt":{"rendered":"<p>Comme eux, nous ne savons pas que c&rsquo;est impossible&#8230; Malala Yousafza\u00ef, 17 ans (Pakistan), militante du droit \u00e0 l\u2019\u00e9ducation. A 14 ans des talibans tentent de la tuer par une balle dans la t\u00eate. En 2014, elle re\u00e7oit le Prix Nobel de la Paix. Fahim, 14 ans (Bangladesh). D\u00e9barque en France \u00e0 8 ans, sans [&hellip;]<\/p>\n","protected":false},"author":1,"featured_media":0,"comment_status":"open","ping_status":"open","sticky":false,"template":"","format":"standard","meta":{"_acf_changed":false,"footnotes":""},"categories":[1],"tags":[],"class_list":["post-7925","post","type-post","status-publish","format-standard","hentry","category-news"],"acf":[],"_links":{"self":[{"href":"https:\/\/vivelaterre.com\/livres2026\/wp-json\/wp\/v2\/posts\/7925","targetHints":{"allow":["GET"]}}],"collection":[{"href":"https:\/\/vivelaterre.com\/livres2026\/wp-json\/wp\/v2\/posts"}],"about":[{"href":"https:\/\/vivelaterre.com\/livres2026\/wp-json\/wp\/v2\/types\/post"}],"author":[{"embeddable":true,"href":"https:\/\/vivelaterre.com\/livres2026\/wp-json\/wp\/v2\/users\/1"}],"replies":[{"embeddable":true,"href":"https:\/\/vivelaterre.com\/livres2026\/wp-json\/wp\/v2\/comments?post=7925"}],"version-history":[{"count":2,"href":"https:\/\/vivelaterre.com\/livres2026\/wp-json\/wp\/v2\/posts\/7925\/revisions"}],"predecessor-version":[{"id":7929,"href":"https:\/\/vivelaterre.com\/livres2026\/wp-json\/wp\/v2\/posts\/7925\/revisions\/7929"}],"wp:attachment":[{"href":"https:\/\/vivelaterre.com\/livres2026\/wp-json\/wp\/v2\/media?parent=7925"}],"wp:term":[{"taxonomy":"category","embeddable":true,"href":"https:\/\/vivelaterre.com\/livres2026\/wp-json\/wp\/v2\/categories?post=7925"},{"taxonomy":"post_tag","embeddable":true,"href":"https:\/\/vivelaterre.com\/livres2026\/wp-json\/wp\/v2\/tags?post=7925"}],"curies":[{"name":"wp","href":"https:\/\/api.w.org\/{rel}","templated":true}]}}