{"id":7959,"date":"2015-03-02T21:49:45","date_gmt":"2015-03-02T20:49:45","guid":{"rendered":"http:\/\/vivelaterre.com\/livres2026\/?p=7959"},"modified":"2015-03-02T22:07:34","modified_gmt":"2015-03-02T21:07:34","slug":"lundi-9-mars-2015-hommage-a-stephane-hessel-au-printemps-des-poetes-dunkerque","status":"publish","type":"post","link":"https:\/\/vivelaterre.com\/livres2026\/2015\/03\/lundi-9-mars-2015-hommage-a-stephane-hessel-au-printemps-des-poetes-dunkerque\/","title":{"rendered":"Lundi 9 mars 2015 : Hommage \u00e0 St\u00e9phane Hessel au Printemps des po\u00e8tes &#8211; Dunkerque"},"content":{"rendered":"<h3>D<a href=\"http:\/\/vivelaterre.com\/livres2026\/wp-content\/uploads\/2015\/03\/20150309_Dunkerque.jpg\"><img fetchpriority=\"high\" decoding=\"async\" class=\"size-full wp-image-7960 alignleft\" style=\"margin: 10px;\" alt=\"20150309_Dunkerque\" src=\"http:\/\/vivelaterre.com\/livres2026\/wp-content\/uploads\/2015\/03\/20150309_Dunkerque.jpg\" width=\"500\" height=\"717\" srcset=\"https:\/\/vivelaterre.com\/livres2026\/wp-content\/uploads\/2015\/03\/20150309_Dunkerque.jpg 500w, https:\/\/vivelaterre.com\/livres2026\/wp-content\/uploads\/2015\/03\/20150309_Dunkerque-209x300.jpg 209w, https:\/\/vivelaterre.com\/livres2026\/wp-content\/uploads\/2015\/03\/20150309_Dunkerque-600x860.jpg 600w\" sizes=\"(max-width: 500px) 100vw, 500px\" \/><\/a>e l&rsquo;insurrection \u00e0 l&rsquo;indignation po\u00e9tiques : le Printemps des po\u00e8tes rend hommage \u00e0 St\u00e9phane Hessel \u00e0 Dunkerque, \u00e0 l&rsquo;invitation de la Coordination Culturelle en r\u00e9gion Dunkerquoise.<\/h3>\n<h4>Rendez-vous lundi 9 mars 2015 pour deux rendez-vous :<\/h4>\n<blockquote>\n<blockquote>\n<blockquote>\n<blockquote>\n<blockquote>\n<h4>\u00e0 18h po\u00e8mes et chansons \u00e0 la biblioth\u00e8que universitaire ;<\/h4>\n<h4>\u00e0 20h projection du film \u00ab\u00a0Indignados\u00a0\u00bb de Tony Gatlif au Cin\u00e9ma Studio43.<\/h4>\n<\/blockquote>\n<\/blockquote>\n<\/blockquote>\n<\/blockquote>\n<\/blockquote>\n<h4>Avec Michel Hessel, Gilles Vanderpooten, et de nombreux lecteurs et artistes.<\/h4>\n<h4><\/h4>\n<p>&nbsp;<\/p>\n","protected":false},"excerpt":{"rendered":"<p>De l&rsquo;insurrection \u00e0 l&rsquo;indignation po\u00e9tiques : le Printemps des po\u00e8tes rend hommage \u00e0 St\u00e9phane Hessel \u00e0 Dunkerque, \u00e0 l&rsquo;invitation de la Coordination Culturelle en r\u00e9gion Dunkerquoise. Rendez-vous lundi 9 mars 2015 pour deux rendez-vous : \u00e0 18h po\u00e8mes et chansons \u00e0 la biblioth\u00e8que universitaire ; \u00e0 20h projection du film \u00ab\u00a0Indignados\u00a0\u00bb de Tony Gatlif au [&hellip;]<\/p>\n","protected":false},"author":1,"featured_media":7960,"comment_status":"open","ping_status":"open","sticky":false,"template":"","format":"standard","meta":{"_acf_changed":false,"footnotes":""},"categories":[75,78],"tags":[],"class_list":["post-7959","post","type-post","status-publish","format-standard","has-post-thumbnail","hentry","category-rendez-vous","category-stephane-hessel"],"acf":[],"_links":{"self":[{"href":"https:\/\/vivelaterre.com\/livres2026\/wp-json\/wp\/v2\/posts\/7959","targetHints":{"allow":["GET"]}}],"collection":[{"href":"https:\/\/vivelaterre.com\/livres2026\/wp-json\/wp\/v2\/posts"}],"about":[{"href":"https:\/\/vivelaterre.com\/livres2026\/wp-json\/wp\/v2\/types\/post"}],"author":[{"embeddable":true,"href":"https:\/\/vivelaterre.com\/livres2026\/wp-json\/wp\/v2\/users\/1"}],"replies":[{"embeddable":true,"href":"https:\/\/vivelaterre.com\/livres2026\/wp-json\/wp\/v2\/comments?post=7959"}],"version-history":[{"count":6,"href":"https:\/\/vivelaterre.com\/livres2026\/wp-json\/wp\/v2\/posts\/7959\/revisions"}],"predecessor-version":[{"id":7967,"href":"https:\/\/vivelaterre.com\/livres2026\/wp-json\/wp\/v2\/posts\/7959\/revisions\/7967"}],"wp:featuredmedia":[{"embeddable":true,"href":"https:\/\/vivelaterre.com\/livres2026\/wp-json\/wp\/v2\/media\/7960"}],"wp:attachment":[{"href":"https:\/\/vivelaterre.com\/livres2026\/wp-json\/wp\/v2\/media?parent=7959"}],"wp:term":[{"taxonomy":"category","embeddable":true,"href":"https:\/\/vivelaterre.com\/livres2026\/wp-json\/wp\/v2\/categories?post=7959"},{"taxonomy":"post_tag","embeddable":true,"href":"https:\/\/vivelaterre.com\/livres2026\/wp-json\/wp\/v2\/tags?post=7959"}],"curies":[{"name":"wp","href":"https:\/\/api.w.org\/{rel}","templated":true}]}}