{"id":7970,"date":"2015-03-06T22:37:13","date_gmt":"2015-03-06T21:37:13","guid":{"rendered":"http:\/\/vivelaterre.com\/livres2026\/?p=7970"},"modified":"2015-03-06T22:38:08","modified_gmt":"2015-03-06T21:38:08","slug":"rencontre-guy-bedos-salon-livre-paris","status":"publish","type":"post","link":"https:\/\/vivelaterre.com\/livres2026\/2015\/03\/rencontre-guy-bedos-salon-livre-paris\/","title":{"rendered":"Rencontre Guy Bedos samedi 21 mars 15h au Salon du livre de Paris"},"content":{"rendered":"<p>D\u00e9dicace : Guy Bedos et Gilles Vanderpooten signent l&rsquo;ouvrage \u00ab\u00a0J&rsquo;ai fait un r\u00eave\u00a0\u00bb \u00e0 l&rsquo;occasion de sa parution en livre de poche.<\/p>\n<p>Retrouvez-les samedi 21 mars de 15h \u00e0 16h sur le stand P37 des \u00e9ditions de l&rsquo;Aube<\/p>\n<p><a href=\"http:\/\/www.salondulivreparis.com\" target=\"_blank\">[+] Toutes les infos sur le salon du livre<\/a><\/p>\n<p><a title=\"Guy Bedos \u2013 J\u2019ai fait un r\u00eave\" href=\"http:\/\/vivelaterre.com\/livres2026\/portfolio-livres\/guy-bedos-jai-fait-un-reve\/\" target=\"_blank\">[+] Le livre \u00ab\u00a0J&rsquo;ai fait un r\u00eave\u00a0\u00bb de Guy Bedos avec Gilles Vanderpooten<\/a><\/p>\n","protected":false},"excerpt":{"rendered":"<p>D\u00e9dicace : Guy Bedos et Gilles Vanderpooten signent l&rsquo;ouvrage \u00ab\u00a0J&rsquo;ai fait un r\u00eave\u00a0\u00bb \u00e0 l&rsquo;occasion de sa parution en livre de poche. Retrouvez-les samedi 21 mars de 15h \u00e0 16h sur le stand P37 des \u00e9ditions de l&rsquo;Aube [+] Toutes les infos sur le salon du livre [+] Le livre \u00ab\u00a0J&rsquo;ai fait un r\u00eave\u00a0\u00bb de [&hellip;]<\/p>\n","protected":false},"author":1,"featured_media":7971,"comment_status":"open","ping_status":"open","sticky":false,"template":"","format":"standard","meta":{"_acf_changed":false,"footnotes":""},"categories":[75],"tags":[],"class_list":["post-7970","post","type-post","status-publish","format-standard","has-post-thumbnail","hentry","category-rendez-vous"],"acf":[],"_links":{"self":[{"href":"https:\/\/vivelaterre.com\/livres2026\/wp-json\/wp\/v2\/posts\/7970","targetHints":{"allow":["GET"]}}],"collection":[{"href":"https:\/\/vivelaterre.com\/livres2026\/wp-json\/wp\/v2\/posts"}],"about":[{"href":"https:\/\/vivelaterre.com\/livres2026\/wp-json\/wp\/v2\/types\/post"}],"author":[{"embeddable":true,"href":"https:\/\/vivelaterre.com\/livres2026\/wp-json\/wp\/v2\/users\/1"}],"replies":[{"embeddable":true,"href":"https:\/\/vivelaterre.com\/livres2026\/wp-json\/wp\/v2\/comments?post=7970"}],"version-history":[{"count":1,"href":"https:\/\/vivelaterre.com\/livres2026\/wp-json\/wp\/v2\/posts\/7970\/revisions"}],"predecessor-version":[{"id":7973,"href":"https:\/\/vivelaterre.com\/livres2026\/wp-json\/wp\/v2\/posts\/7970\/revisions\/7973"}],"wp:featuredmedia":[{"embeddable":true,"href":"https:\/\/vivelaterre.com\/livres2026\/wp-json\/wp\/v2\/media\/7971"}],"wp:attachment":[{"href":"https:\/\/vivelaterre.com\/livres2026\/wp-json\/wp\/v2\/media?parent=7970"}],"wp:term":[{"taxonomy":"category","embeddable":true,"href":"https:\/\/vivelaterre.com\/livres2026\/wp-json\/wp\/v2\/categories?post=7970"},{"taxonomy":"post_tag","embeddable":true,"href":"https:\/\/vivelaterre.com\/livres2026\/wp-json\/wp\/v2\/tags?post=7970"}],"curies":[{"name":"wp","href":"https:\/\/api.w.org\/{rel}","templated":true}]}}