{"id":7974,"date":"2015-03-07T20:19:53","date_gmt":"2015-03-07T19:19:53","guid":{"rendered":"http:\/\/vivelaterre.com\/livres2026\/?p=7974"},"modified":"2015-03-07T20:23:51","modified_gmt":"2015-03-07T19:23:51","slug":"inauguration-lycee-stephane-hessel-toulouse","status":"publish","type":"post","link":"https:\/\/vivelaterre.com\/livres2026\/2015\/03\/inauguration-lycee-stephane-hessel-toulouse\/","title":{"rendered":"23 mars : inauguration du lyc\u00e9e St\u00e9phane Hessel Toulouse"},"content":{"rendered":"<p><strong><a href=\"http:\/\/vivelaterre.com\/livres2026\/wp-content\/uploads\/2015\/03\/logo_lyceeSHtoulouse.png\"><img decoding=\"async\" class=\"size-full wp-image-7975 alignright\" alt=\"logo_lyceeSHtoulouse\" src=\"http:\/\/vivelaterre.com\/livres2026\/wp-content\/uploads\/2015\/03\/logo_lyceeSHtoulouse.png\" width=\"250\" height=\"164\" srcset=\"https:\/\/vivelaterre.com\/livres2026\/wp-content\/uploads\/2015\/03\/logo_lyceeSHtoulouse.png 250w, https:\/\/vivelaterre.com\/livres2026\/wp-content\/uploads\/2015\/03\/logo_lyceeSHtoulouse-600x393.png 600w\" sizes=\"(max-width: 250px) 100vw, 250px\" \/><\/a>Nous vous donnons rendez-vous lundi 23 mars pour l&rsquo;inauguration du Lyc\u00e9e St\u00e9phane Hessel de Toulouse.<\/strong><\/p>\n<p>Avec la participation des 1200 \u00e9l\u00e8ves, professeurs, et en pr\u00e9sence de Martin Malvy Pr\u00e9sident de la R\u00e9gion Midi Pyr\u00e9n\u00e9es, de Christiane Hessel \u00e9pouse de St\u00e9phane, et Gilles Vanderpooten ami de la famille et coauteur du livre \u00ab\u00a0Engagez-vous !\u00a0\u00bbavec l&rsquo;Ambassadeur de France et R\u00e9sistant.<\/p>\n<p>Hommages, lectures, chansons, avec la participation de membres du groupe <strong>ZEBDA<\/strong>.<\/p>\n<p><a href=\"http:\/\/stephane-hessel.entmip.fr\/\" target=\"_blank\">[+] sur le site du Lyc\u00e9e St\u00e9phane Hessel de Toulouse<\/a><\/p>\n<p>&nbsp;<\/p>\n","protected":false},"excerpt":{"rendered":"<p>Nous vous donnons rendez-vous lundi 23 mars pour l&rsquo;inauguration du Lyc\u00e9e St\u00e9phane Hessel de Toulouse. Avec la participation des 1200 \u00e9l\u00e8ves, professeurs, et en pr\u00e9sence de Martin Malvy Pr\u00e9sident de la R\u00e9gion Midi Pyr\u00e9n\u00e9es, de Christiane Hessel \u00e9pouse de St\u00e9phane, et Gilles Vanderpooten ami de la famille et coauteur du livre \u00ab\u00a0Engagez-vous !\u00a0\u00bbavec l&rsquo;Ambassadeur de [&hellip;]<\/p>\n","protected":false},"author":1,"featured_media":7975,"comment_status":"open","ping_status":"open","sticky":false,"template":"","format":"standard","meta":{"_acf_changed":false,"footnotes":""},"categories":[77,75,78],"tags":[],"class_list":["post-7974","post","type-post","status-publish","format-standard","has-post-thumbnail","hentry","category-hommage","category-rendez-vous","category-stephane-hessel"],"acf":[],"_links":{"self":[{"href":"https:\/\/vivelaterre.com\/livres2026\/wp-json\/wp\/v2\/posts\/7974","targetHints":{"allow":["GET"]}}],"collection":[{"href":"https:\/\/vivelaterre.com\/livres2026\/wp-json\/wp\/v2\/posts"}],"about":[{"href":"https:\/\/vivelaterre.com\/livres2026\/wp-json\/wp\/v2\/types\/post"}],"author":[{"embeddable":true,"href":"https:\/\/vivelaterre.com\/livres2026\/wp-json\/wp\/v2\/users\/1"}],"replies":[{"embeddable":true,"href":"https:\/\/vivelaterre.com\/livres2026\/wp-json\/wp\/v2\/comments?post=7974"}],"version-history":[{"count":3,"href":"https:\/\/vivelaterre.com\/livres2026\/wp-json\/wp\/v2\/posts\/7974\/revisions"}],"predecessor-version":[{"id":7979,"href":"https:\/\/vivelaterre.com\/livres2026\/wp-json\/wp\/v2\/posts\/7974\/revisions\/7979"}],"wp:featuredmedia":[{"embeddable":true,"href":"https:\/\/vivelaterre.com\/livres2026\/wp-json\/wp\/v2\/media\/7975"}],"wp:attachment":[{"href":"https:\/\/vivelaterre.com\/livres2026\/wp-json\/wp\/v2\/media?parent=7974"}],"wp:term":[{"taxonomy":"category","embeddable":true,"href":"https:\/\/vivelaterre.com\/livres2026\/wp-json\/wp\/v2\/categories?post=7974"},{"taxonomy":"post_tag","embeddable":true,"href":"https:\/\/vivelaterre.com\/livres2026\/wp-json\/wp\/v2\/tags?post=7974"}],"curies":[{"name":"wp","href":"https:\/\/api.w.org\/{rel}","templated":true}]}}