{"id":7981,"date":"2015-03-13T00:26:34","date_gmt":"2015-03-12T23:26:34","guid":{"rendered":"http:\/\/vivelaterre.com\/livres2026\/?p=7981"},"modified":"2015-03-13T00:27:00","modified_gmt":"2015-03-12T23:27:00","slug":"france3-dunkerque-repportage-hommage-a-stephane-hessel","status":"publish","type":"post","link":"https:\/\/vivelaterre.com\/livres2026\/2015\/03\/france3-dunkerque-repportage-hommage-a-stephane-hessel\/","title":{"rendered":"France3 Dunkerque : reportage-hommage \u00e0 St\u00e9phane Hessel"},"content":{"rendered":"<h1 itemprop=\"headline\">Printemps des po\u00e8tes : hommage \u00e0 St\u00e9phane Hessel et \u00e0 son insurrection pacifique<\/h1>\n<p>Un vent d\u2019insurrection souffle sur la 17e \u00e9dition du Printemps des Po\u00e8tes. C\u2019est donc tout naturellement que la Coordination culturelle de la R\u00e9gion dunkerquoise a d\u00e9cid\u00e9 d\u2019organiser une soir\u00e9e d\u00e9di\u00e9e \u00e0 St\u00e9phane Hessel. Cet \u00e9ternel indign\u00e9 \u00e9tait en effet un grand amoureux de la po\u00e9sie.<\/p>\n<p><em>Reportage de France 3 Dunkerque, par M-N.Grimaldi \/ F.Giltay \/ M.Graff, <\/em>\u00e0 visionner sur :<em><br \/>\n<\/em><\/p>\n<p>&nbsp;<\/p>\n<p><a href=\"http:\/\/culturebox.francetvinfo.fr\/livres\/poesie-theatre\/printemps-des-poetes-hommage-a-stephane-hessel-et-a-son-insurrection-pacifique-213743\">http:\/\/culturebox.francetvinfo.fr\/livres\/poesie-theatre\/printemps-des-poetes-hommage-a-stephane-hessel-et-a-son-insurrection-pacifique-213743<a href=\"http:\/\/api.dmcloud.net\/player\/pubpage\/4e709e80f325e11e5f000025\/54febb1506361d694c697bf6\/3be70fcbb232458ea65e3fac61d31aaf?wmode=opaque&amp;start=9\">http:\/\/api.dmcloud.net\/player\/pubpage\/4e709e80f325e11e5f000025\/54febb1506361d694c697bf6\/3be70fcbb232458ea65e3fac61d31aaf?wmode=opaque&amp;start=9<\/a><\/a><\/p>\n","protected":false},"excerpt":{"rendered":"<p>Printemps des po\u00e8tes : hommage \u00e0 St\u00e9phane Hessel et \u00e0 son insurrection pacifique Un vent d\u2019insurrection souffle sur la 17e \u00e9dition du Printemps des Po\u00e8tes. C\u2019est donc tout naturellement que la Coordination culturelle de la R\u00e9gion dunkerquoise a d\u00e9cid\u00e9 d\u2019organiser une soir\u00e9e d\u00e9di\u00e9e \u00e0 St\u00e9phane Hessel. Cet \u00e9ternel indign\u00e9 \u00e9tait en effet un grand amoureux [&hellip;]<\/p>\n","protected":false},"author":1,"featured_media":0,"comment_status":"closed","ping_status":"closed","sticky":false,"template":"","format":"standard","meta":{"_acf_changed":false,"footnotes":""},"categories":[76,77],"tags":[],"class_list":["post-7981","post","type-post","status-publish","format-standard","hentry","category-dans-les-medias","category-hommage"],"acf":[],"_links":{"self":[{"href":"https:\/\/vivelaterre.com\/livres2026\/wp-json\/wp\/v2\/posts\/7981","targetHints":{"allow":["GET"]}}],"collection":[{"href":"https:\/\/vivelaterre.com\/livres2026\/wp-json\/wp\/v2\/posts"}],"about":[{"href":"https:\/\/vivelaterre.com\/livres2026\/wp-json\/wp\/v2\/types\/post"}],"author":[{"embeddable":true,"href":"https:\/\/vivelaterre.com\/livres2026\/wp-json\/wp\/v2\/users\/1"}],"replies":[{"embeddable":true,"href":"https:\/\/vivelaterre.com\/livres2026\/wp-json\/wp\/v2\/comments?post=7981"}],"version-history":[{"count":2,"href":"https:\/\/vivelaterre.com\/livres2026\/wp-json\/wp\/v2\/posts\/7981\/revisions"}],"predecessor-version":[{"id":7983,"href":"https:\/\/vivelaterre.com\/livres2026\/wp-json\/wp\/v2\/posts\/7981\/revisions\/7983"}],"wp:attachment":[{"href":"https:\/\/vivelaterre.com\/livres2026\/wp-json\/wp\/v2\/media?parent=7981"}],"wp:term":[{"taxonomy":"category","embeddable":true,"href":"https:\/\/vivelaterre.com\/livres2026\/wp-json\/wp\/v2\/categories?post=7981"},{"taxonomy":"post_tag","embeddable":true,"href":"https:\/\/vivelaterre.com\/livres2026\/wp-json\/wp\/v2\/tags?post=7981"}],"curies":[{"name":"wp","href":"https:\/\/api.w.org\/{rel}","templated":true}]}}