{"id":7985,"date":"2015-03-29T00:37:12","date_gmt":"2015-03-28T23:37:12","guid":{"rendered":"http:\/\/vivelaterre.com\/livres2026\/?p=7985"},"modified":"2015-03-29T00:37:12","modified_gmt":"2015-03-28T23:37:12","slug":"rdv-ecole-des-arts-visuels-de-la-cambre-bruxelles-30032015","status":"publish","type":"post","link":"https:\/\/vivelaterre.com\/livres2026\/2015\/03\/rdv-ecole-des-arts-visuels-de-la-cambre-bruxelles-30032015\/","title":{"rendered":"RDV \u00e9cole des arts visuels de La Cambre, Bruxelles, 30\/03\/2015"},"content":{"rendered":"<p>Lundi 30 mars 2015, Gilles Vanderpooten est invit\u00e9 \u00e0 intervenir aupr\u00e8s des \u00e9tudiants de l&rsquo;\u00e9cole nationale des arts visuels de La Cambre (Bruxelles).Au programme :<\/p>\n<ul>\n<li>une pr\u00e9sentation de l&rsquo;association Reporters d&rsquo;Espoirs et de la d\u00e9marche du \u00ab\u00a0journalisme de solutions\u00a0\u00bb qu&rsquo;elle promeut ;<\/li>\n<li>une intervention sur les th\u00e8mes de l&rsquo;indignation et de l&rsquo;engagement\u00a0\u00bb, autour de la collection \u00e9ditoriale \u00ab\u00a0Conversation pour l&rsquo;avenir\u00a0\u00bb et notamment du livre \u00ab\u00a0Engagez-vous !\u00a0\u00bb dans lequel Gilles Vanderpooten interviewe St\u00e9phane Hessel.<\/li>\n<\/ul>\n","protected":false},"excerpt":{"rendered":"<p>Lundi 30 mars 2015, Gilles Vanderpooten est invit\u00e9 \u00e0 intervenir aupr\u00e8s des \u00e9tudiants de l&rsquo;\u00e9cole nationale des arts visuels de La Cambre (Bruxelles).Au programme : une pr\u00e9sentation de l&rsquo;association Reporters d&rsquo;Espoirs et de la d\u00e9marche du \u00ab\u00a0journalisme de solutions\u00a0\u00bb qu&rsquo;elle promeut ; une intervention sur les th\u00e8mes de l&rsquo;indignation et de l&rsquo;engagement\u00a0\u00bb, autour de la [&hellip;]<\/p>\n","protected":false},"author":1,"featured_media":7986,"comment_status":"open","ping_status":"open","sticky":false,"template":"","format":"standard","meta":{"_acf_changed":false,"footnotes":""},"categories":[75],"tags":[],"class_list":["post-7985","post","type-post","status-publish","format-standard","has-post-thumbnail","hentry","category-rendez-vous"],"acf":[],"_links":{"self":[{"href":"https:\/\/vivelaterre.com\/livres2026\/wp-json\/wp\/v2\/posts\/7985","targetHints":{"allow":["GET"]}}],"collection":[{"href":"https:\/\/vivelaterre.com\/livres2026\/wp-json\/wp\/v2\/posts"}],"about":[{"href":"https:\/\/vivelaterre.com\/livres2026\/wp-json\/wp\/v2\/types\/post"}],"author":[{"embeddable":true,"href":"https:\/\/vivelaterre.com\/livres2026\/wp-json\/wp\/v2\/users\/1"}],"replies":[{"embeddable":true,"href":"https:\/\/vivelaterre.com\/livres2026\/wp-json\/wp\/v2\/comments?post=7985"}],"version-history":[{"count":1,"href":"https:\/\/vivelaterre.com\/livres2026\/wp-json\/wp\/v2\/posts\/7985\/revisions"}],"predecessor-version":[{"id":7987,"href":"https:\/\/vivelaterre.com\/livres2026\/wp-json\/wp\/v2\/posts\/7985\/revisions\/7987"}],"wp:featuredmedia":[{"embeddable":true,"href":"https:\/\/vivelaterre.com\/livres2026\/wp-json\/wp\/v2\/media\/7986"}],"wp:attachment":[{"href":"https:\/\/vivelaterre.com\/livres2026\/wp-json\/wp\/v2\/media?parent=7985"}],"wp:term":[{"taxonomy":"category","embeddable":true,"href":"https:\/\/vivelaterre.com\/livres2026\/wp-json\/wp\/v2\/categories?post=7985"},{"taxonomy":"post_tag","embeddable":true,"href":"https:\/\/vivelaterre.com\/livres2026\/wp-json\/wp\/v2\/tags?post=7985"}],"curies":[{"name":"wp","href":"https:\/\/api.w.org\/{rel}","templated":true}]}}