{"id":7989,"date":"2015-04-09T00:00:42","date_gmt":"2015-04-08T22:00:42","guid":{"rendered":"http:\/\/vivelaterre.com\/livres2026\/?p=7989"},"modified":"2015-04-09T00:00:42","modified_gmt":"2015-04-08T22:00:42","slug":"hommage-a-jean-louis-cremieux-brilhac-resistant-disparu-ce-soir","status":"publish","type":"post","link":"https:\/\/vivelaterre.com\/livres2026\/2015\/04\/hommage-a-jean-louis-cremieux-brilhac-resistant-disparu-ce-soir\/","title":{"rendered":"Hommage \u00e0 Jean-Louis Cr\u00e9mieux-Brilhac, R\u00e9sistant, disparu ce soir"},"content":{"rendered":"<p>L&rsquo;un des derniers grands r\u00e9sistants s&rsquo;en va ce soir&#8230; Jean-Louis Cremieux-Brilhac, R\u00e9sistant, Historien, avait contribu\u00e9 au livre \u00ab\u00a0St\u00e9phane Hessel irr\u00e9sistible optimiste\u00a0\u00bb dont il a partag\u00e9 l&rsquo;amiti\u00e9 pendant plus de soixante-dix ans. Malgr\u00e9 ses 98 printemps, il \u00e9tait encore plein de vigueur lorsque nous avions partag\u00e9 avec lui, l&rsquo;ann\u00e9e derni\u00e8re, le lancement de l&rsquo;ouvrage \u00e0 l&rsquo;Institut du Monde Arabe.<br \/>\nCompagnon de r\u00e9sistance de St\u00e9phane Hessel pendant la 2e Guerre Mondiale, \u00ab\u00a0chef du service de diffusion clandestine de la France libre, Jean-Louis Cr\u00e9mieux-Brilhac est amen\u00e9 \u00e0 parler plusieurs fois au micro de Radio Londres, dont il aide \u00e0 pr\u00e9parer les \u00e9missions \u00e0 destination de l&rsquo;Europe occup\u00e9e\u00a0\u00bb.<\/p>\n<p>Il concluait son texte-hommage \u00e0 St\u00e9phane Hessel, en ces mots :<\/p>\n<p><em>\u00ab\u00a0St\u00e9phane, moi qui connais maintenant tellement plus de morts que de vivants et qui reste seul ou presque sur la rive, je te dis merci de l\u2019exemple de ta vie, merci d\u2019avoir renouvel\u00e9, avec \u00e9l\u00e9gance et sourire, \u00ab le geste auguste du semeur \u00bb, merci d\u2019avoir joint la passion de la justice \u00e0 l\u2019\u00e9merveillement po\u00e9tique, <\/em><br \/>\n<em> Toi qui savais des lais pour les reines,<\/em><br \/>\n<em> Les complaintes de tes ann\u00e9es,<\/em><br \/>\n<em> Des hymnes d\u2019esclave aux mur\u00e8nes, <\/em><br \/>\n<em> La romance du mal aim\u00e9,<\/em><br \/>\n<em> Et des chansons pour les sir\u00e8nes.\u00a0\u00bb<\/em><\/p>\n<div>\n<p>Jean-Louis Cr\u00e9mieux Brilhac (1917 &#8211; 8 avril 2015)<br \/>\nin \u00ab\u00a0St\u00e9phane Hessel irr\u00e9sistible optimiste\u00a0\u00bb, extrait de son discours-hommage aux Invalides le 7 mars 2013.<\/p>\n<p><strong>&gt; Retrouvez l&rsquo;interview de Jean-Louis Cr\u00e9mieux Brilhac donn\u00e9e \u00e0 Yves Calvi en 2014 : <a href=\"https:\/\/youtu.be\/In0lZX32OCI\">https:\/\/youtu.be\/In0lZX32OCI<\/a><\/strong><\/p>\n<\/div>\n","protected":false},"excerpt":{"rendered":"<p>L&rsquo;un des derniers grands r\u00e9sistants s&rsquo;en va ce soir&#8230; Jean-Louis Cremieux-Brilhac, R\u00e9sistant, Historien, avait contribu\u00e9 au livre \u00ab\u00a0St\u00e9phane Hessel irr\u00e9sistible optimiste\u00a0\u00bb dont il a partag\u00e9 l&rsquo;amiti\u00e9 pendant plus de soixante-dix ans. Malgr\u00e9 ses 98 printemps, il \u00e9tait encore plein de vigueur lorsque nous avions partag\u00e9 avec lui, l&rsquo;ann\u00e9e derni\u00e8re, le lancement de l&rsquo;ouvrage \u00e0 l&rsquo;Institut [&hellip;]<\/p>\n","protected":false},"author":1,"featured_media":0,"comment_status":"open","ping_status":"open","sticky":false,"template":"","format":"standard","meta":{"_acf_changed":false,"footnotes":""},"categories":[77],"tags":[],"class_list":["post-7989","post","type-post","status-publish","format-standard","hentry","category-hommage"],"acf":[],"_links":{"self":[{"href":"https:\/\/vivelaterre.com\/livres2026\/wp-json\/wp\/v2\/posts\/7989","targetHints":{"allow":["GET"]}}],"collection":[{"href":"https:\/\/vivelaterre.com\/livres2026\/wp-json\/wp\/v2\/posts"}],"about":[{"href":"https:\/\/vivelaterre.com\/livres2026\/wp-json\/wp\/v2\/types\/post"}],"author":[{"embeddable":true,"href":"https:\/\/vivelaterre.com\/livres2026\/wp-json\/wp\/v2\/users\/1"}],"replies":[{"embeddable":true,"href":"https:\/\/vivelaterre.com\/livres2026\/wp-json\/wp\/v2\/comments?post=7989"}],"version-history":[{"count":1,"href":"https:\/\/vivelaterre.com\/livres2026\/wp-json\/wp\/v2\/posts\/7989\/revisions"}],"predecessor-version":[{"id":7991,"href":"https:\/\/vivelaterre.com\/livres2026\/wp-json\/wp\/v2\/posts\/7989\/revisions\/7991"}],"wp:attachment":[{"href":"https:\/\/vivelaterre.com\/livres2026\/wp-json\/wp\/v2\/media?parent=7989"}],"wp:term":[{"taxonomy":"category","embeddable":true,"href":"https:\/\/vivelaterre.com\/livres2026\/wp-json\/wp\/v2\/categories?post=7989"},{"taxonomy":"post_tag","embeddable":true,"href":"https:\/\/vivelaterre.com\/livres2026\/wp-json\/wp\/v2\/tags?post=7989"}],"curies":[{"name":"wp","href":"https:\/\/api.w.org\/{rel}","templated":true}]}}