{"id":8049,"date":"2015-07-12T11:01:18","date_gmt":"2015-07-12T09:01:18","guid":{"rendered":"http:\/\/vivelaterre.com\/livres2026\/?p=8049"},"modified":"2015-07-12T11:06:22","modified_gmt":"2015-07-12T09:06:22","slug":"ecodialogues-festival-thau","status":"publish","type":"post","link":"https:\/\/vivelaterre.com\/livres2026\/2015\/07\/ecodialogues-festival-thau\/","title":{"rendered":"C.Hessel et G.Vanderpooten aux ecodialogues de Thau mercredi 15 juillet 2015"},"content":{"rendered":"<p>Christiane Hessel et Gilles Vanderpooten sont les invit\u00e9s des \u00e9co-dialogues de Thau, ce mercredi 15 juillet \u00e0 18h30, pour \u00e9voquer St\u00e9phane Hessel, leurs ouvrages, leurs engagements.Cette s\u00e9rie de conf\u00e9rence est organis\u00e9e dans le cadre du 25e Festival de Thau (15 au 23 juillet 2015), pr\u00e8s de Montpellier, qui a accueilli 10.000 personnes l&rsquo;ann\u00e9e derni\u00e8re.<\/p>\n<p>Un \u00ab \u00e9co-dialogue \u00bb ? C\u2019est une rencontre, un entretien avec une personnalit\u00e9 autour d\u2019un livre et d\u2019un parcours de vie. Cette ann\u00e9e le Festival de Thau vous convie \u00e0 cinq \u00e9co-dialogues avec quatre personnalit\u00e9s toutes anim\u00e9es d\u2019une m\u00eame conviction : un nouveau monde, plus solidaire, moins destructeur, n\u2019est possible qu\u2019au prix d\u2019une vraie rupture avec les anciens mod\u00e8les. Il nous faut nous y atteler d\u00e8s \u00e0 pr\u00e9sent, avant qu\u2019il ne soit trop tard.<\/p>\n<p><b><i>Rencontres pr\u00e9par\u00e9es et anim\u00e9es par Thierry Salomon, en acc\u00e8s libre pour tous.<\/i><\/b><\/p>\n<p>Christiane Hessel Chabry &amp; Gilles Vanderpooten<br \/>\n<b>MERCREDI <\/b><b>15 JUILLET<\/b><b> 18H30 \u2022 BOUZIGUES\u00a0<\/b><b>\u2022 SALLE DES MARIAGES (MAIRIE)<\/b><\/p>\n<p>Susan George<br \/>\nCette tr\u00e8s grande figure des luttes contre la marchandisation du monde d\u00e9nonce tous les \u00ab Usurpateurs \u00bb, titre de son dernier ouvrage.<br \/>\n<b>VENDREDI <\/b><b>17 JUILLET<\/b><b> 18H30 \u2022 M\u00c8ZE \u2022 CHAI DE GIRARD<\/b><\/p>\n<p>Genevi\u00e8ve Azam<br \/>\nFace au d\u00e9couplage entre la nature et nos soci\u00e9t\u00e9s, son nouveau livre est autant un cri d\u2019alarme qu\u2019un message d\u2019espoir : \u00ab Osons rester humain \u00bb.<br \/>\n<b>SAMEDI <\/b><b>18 JUILLET<\/b><b> 16H30 \u2022 M\u00c8ZE \u2022 CHAI DE GIRARD<\/b><\/p>\n<p>Dany Cohn-Bendit<br \/>\nBien vivant et bon vivant, pertinent et impertinent, fin analyste mais toujours p\u00e9dagogue, europ\u00e9en de c\u0153ur et de raison : vibrez avec l\u2019humeur de Dany !<br \/>\n<b>SAMEDI <\/b><b>18 JUILLET<\/b><b> 18H30 \u2022 M\u00c8ZE \u2022 CHAI DE GIRARD<\/b><\/p>\n<p>Fr\u00e9d\u00e9ric Melki<br \/>\nRetour sur une aventure scientifique hors du commun, une exp\u00e9dition au c\u0153ur de la biodiversit\u00e9 du massif du Mitakara, dans le sud-ouest de la Guyane.<br \/>\n<b>MERCREDI 22 JUILLET<\/b><b>\u00a0\u2022\u00a0<\/b>18H30 \u2022 MONTBAZIN \u2022 CHAPELLE ST-PIERRE<\/p>\n<p>&gt; Toutes les infos sur <a href=\"http:\/\/www.festivaldethau.com\/\" target=\"_blank\">www.festivaldethau.com<\/a><\/p>\n","protected":false},"excerpt":{"rendered":"<p>Christiane Hessel et Gilles Vanderpooten sont les invit\u00e9s des \u00e9co-dialogues de Thau, ce mercredi 15 juillet \u00e0 18h30, pour \u00e9voquer St\u00e9phane Hessel, leurs ouvrages, leurs engagements.Cette s\u00e9rie de conf\u00e9rence est organis\u00e9e dans le cadre du 25e Festival de Thau (15 au 23 juillet 2015), pr\u00e8s de Montpellier, qui a accueilli 10.000 personnes l&rsquo;ann\u00e9e derni\u00e8re. Un [&hellip;]<\/p>\n","protected":false},"author":1,"featured_media":0,"comment_status":"open","ping_status":"open","sticky":false,"template":"","format":"standard","meta":{"_acf_changed":false,"footnotes":""},"categories":[75],"tags":[],"class_list":["post-8049","post","type-post","status-publish","format-standard","hentry","category-rendez-vous"],"acf":[],"_links":{"self":[{"href":"https:\/\/vivelaterre.com\/livres2026\/wp-json\/wp\/v2\/posts\/8049","targetHints":{"allow":["GET"]}}],"collection":[{"href":"https:\/\/vivelaterre.com\/livres2026\/wp-json\/wp\/v2\/posts"}],"about":[{"href":"https:\/\/vivelaterre.com\/livres2026\/wp-json\/wp\/v2\/types\/post"}],"author":[{"embeddable":true,"href":"https:\/\/vivelaterre.com\/livres2026\/wp-json\/wp\/v2\/users\/1"}],"replies":[{"embeddable":true,"href":"https:\/\/vivelaterre.com\/livres2026\/wp-json\/wp\/v2\/comments?post=8049"}],"version-history":[{"count":1,"href":"https:\/\/vivelaterre.com\/livres2026\/wp-json\/wp\/v2\/posts\/8049\/revisions"}],"predecessor-version":[{"id":8050,"href":"https:\/\/vivelaterre.com\/livres2026\/wp-json\/wp\/v2\/posts\/8049\/revisions\/8050"}],"wp:attachment":[{"href":"https:\/\/vivelaterre.com\/livres2026\/wp-json\/wp\/v2\/media?parent=8049"}],"wp:term":[{"taxonomy":"category","embeddable":true,"href":"https:\/\/vivelaterre.com\/livres2026\/wp-json\/wp\/v2\/categories?post=8049"},{"taxonomy":"post_tag","embeddable":true,"href":"https:\/\/vivelaterre.com\/livres2026\/wp-json\/wp\/v2\/tags?post=8049"}],"curies":[{"name":"wp","href":"https:\/\/api.w.org\/{rel}","templated":true}]}}