{"id":8052,"date":"2015-07-12T11:18:02","date_gmt":"2015-07-12T09:18:02","guid":{"rendered":"http:\/\/vivelaterre.com\/livres2026\/?p=8052"},"modified":"2015-07-12T11:18:02","modified_gmt":"2015-07-12T09:18:02","slug":"14-juillet-citoyen-cese","status":"publish","type":"post","link":"https:\/\/vivelaterre.com\/livres2026\/2015\/07\/14-juillet-citoyen-cese\/","title":{"rendered":"Le 14 juillet sera citoyen, au CESE, avec Reporters d&rsquo;Espoirs"},"content":{"rendered":"<p>Le Conseil \u00e9conomique social et environnemental, avec la contribution de Reporters d&rsquo;Espoirs, organise un 14 juillet citoyen.<\/p>\n<p><em>\u00ab\u00a0En r\u00e9unissant 150 \u00e0 200 collectifs porteurs d\u2019une <strong>vision positive, alternative et inclusive<\/strong> de l\u2019avenir, le CESE ambitionne de donner \u00e0 voir et \u00e0 entendre en ce jour symbolique une France anim\u00e9e par le go\u00fbt de l\u2019aventure collective et l\u2019esprit d\u2019entreprendre, une France cr\u00e9ative, combattive, innovante, enthousiaste, pleinement projet\u00e9e vers son avenir, une France qui n\u2019est pas satur\u00e9e par le climat ambiant, les discours r\u00e9trogrades, le sentiment d\u2019impuissance.<\/em><\/p>\n<p><em>Lieu de dialogue historique, attach\u00e9 \u00e0 concilier les performances \u00e9conomique, sociale et environnementale, le CESE entend r\u00e9unir ces diff\u00e9rents r\u00e9seaux pour une <strong>soir\u00e9e collaborative<\/strong> et les interroger sur leur perception d\u2019une France qui peut basculer du \u00ab\u00a0chacun pour soi\u00a0\u00bb au \u00ab\u00a0chacun pour tous\u00a0\u00bb.\u00a0\u00bb<\/em><\/p>\n<p>Gilles Vanderpooten y repr\u00e9sentera l&rsquo;ONG <a href=\"http:\/\/www.reportersdespoirs.org\" target=\"_blank\">Reporters d&rsquo;Espoirs<\/a>, qui, \u00e0 travers la diffusion d&rsquo;initiatives porteuses de solutions face aux d\u00e9fis contemporains, \u0153uvre \u00e0 la mobilisation des citoyens.<\/p>\n","protected":false},"excerpt":{"rendered":"<p>Le Conseil \u00e9conomique social et environnemental, avec la contribution de Reporters d&rsquo;Espoirs, organise un 14 juillet citoyen. \u00ab\u00a0En r\u00e9unissant 150 \u00e0 200 collectifs porteurs d\u2019une vision positive, alternative et inclusive de l\u2019avenir, le CESE ambitionne de donner \u00e0 voir et \u00e0 entendre en ce jour symbolique une France anim\u00e9e par le go\u00fbt de l\u2019aventure collective [&hellip;]<\/p>\n","protected":false},"author":1,"featured_media":8053,"comment_status":"open","ping_status":"open","sticky":false,"template":"","format":"standard","meta":{"_acf_changed":false,"footnotes":""},"categories":[75],"tags":[],"class_list":["post-8052","post","type-post","status-publish","format-standard","has-post-thumbnail","hentry","category-rendez-vous"],"acf":[],"_links":{"self":[{"href":"https:\/\/vivelaterre.com\/livres2026\/wp-json\/wp\/v2\/posts\/8052","targetHints":{"allow":["GET"]}}],"collection":[{"href":"https:\/\/vivelaterre.com\/livres2026\/wp-json\/wp\/v2\/posts"}],"about":[{"href":"https:\/\/vivelaterre.com\/livres2026\/wp-json\/wp\/v2\/types\/post"}],"author":[{"embeddable":true,"href":"https:\/\/vivelaterre.com\/livres2026\/wp-json\/wp\/v2\/users\/1"}],"replies":[{"embeddable":true,"href":"https:\/\/vivelaterre.com\/livres2026\/wp-json\/wp\/v2\/comments?post=8052"}],"version-history":[{"count":1,"href":"https:\/\/vivelaterre.com\/livres2026\/wp-json\/wp\/v2\/posts\/8052\/revisions"}],"predecessor-version":[{"id":8054,"href":"https:\/\/vivelaterre.com\/livres2026\/wp-json\/wp\/v2\/posts\/8052\/revisions\/8054"}],"wp:featuredmedia":[{"embeddable":true,"href":"https:\/\/vivelaterre.com\/livres2026\/wp-json\/wp\/v2\/media\/8053"}],"wp:attachment":[{"href":"https:\/\/vivelaterre.com\/livres2026\/wp-json\/wp\/v2\/media?parent=8052"}],"wp:term":[{"taxonomy":"category","embeddable":true,"href":"https:\/\/vivelaterre.com\/livres2026\/wp-json\/wp\/v2\/categories?post=8052"},{"taxonomy":"post_tag","embeddable":true,"href":"https:\/\/vivelaterre.com\/livres2026\/wp-json\/wp\/v2\/tags?post=8052"}],"curies":[{"name":"wp","href":"https:\/\/api.w.org\/{rel}","templated":true}]}}