{"id":8056,"date":"2013-12-23T00:17:16","date_gmt":"2013-12-22T23:17:16","guid":{"rendered":"http:\/\/vivelaterre.com\/livres2026\/?p=8056"},"modified":"2015-08-07T00:21:48","modified_gmt":"2015-08-06T22:21:48","slug":"prendre-linitiative","status":"publish","type":"post","link":"https:\/\/vivelaterre.com\/livres2026\/2013\/12\/prendre-linitiative\/","title":{"rendered":"Prendre l\u2019initiative"},"content":{"rendered":"<div>\n<p>H\u00e9ros, Nelson Mandela, St\u00e9phane Hessel, Albert Jacquard\u2026 Ils nous ont quitt\u00e9s cette ann\u00e9e, alors que l\u2019on c\u00e9l\u00e9brait Martin Luther King et le 50<sup>e<\/sup>\u00a0anniversaire de son r\u00eave. Porter\u00a0leurs r\u00eaves &#8211; de libert\u00e9 et de justice &#8211; dans la r\u00e9alit\u00e9, c\u2019est sans doute le d\u00e9nominateur commun \u00e0 ces sages qui, tout\u00a0en\u00a0luttant contre les atteintes aux droits de\u00a0l\u2019homme, l\u2019indiff\u00e9rence, les in\u00e9galit\u00e9s, ont su aussi s\u2019engager et faire avancer les causes de\u00a0la justice sociale, de l\u2019\u00e9cologie ou d\u2019une \u00e9conomie plus humaine. Puisant la r\u00e9silience dans leur\u00a0propre exp\u00e9rience &#8211; de r\u00e9sistant, d\u2019opprim\u00e9, d\u2019accident\u00e9 -, ils croyaient d\u2019autant plus en la capacit\u00e9 de l\u2019homme\u00a0\u00e0\u00a0inventer et \u00e0 construire.<\/p>\n<p>En \u00e9cho \u00e0 ces hommes, d\u2019autres \u00abh\u00e9ros du\u00a0quotidien\u00bb s\u2019illustrent sur le terrain. Ils entendent trouver des \u00absolutions\u00bb \u00e0 leur niveau. A leur mani\u00e8re, solidaire, ils\u00a0changent la soci\u00e9t\u00e9. Leur discours n\u2019est pas\u00a0contre la politique ou contre les politiques. Mais, acteurs de la soci\u00e9t\u00e9 civile, ils veulent prendre leur vie en main. Leurs programmes, leurs recettes, leurs moyens sont divers. Ils\u00a0sont porteurs, pour certains, de ce beau nom d\u2019\u00e9conomie sociale qui n\u2019est pas une\u00a0contradiction dans les termes, mais un\u00a0secteur vivace et actif. Fabriquer en France tout en se d\u00e9veloppant \u00e0 l\u2019\u00e9tranger, prendre\u00a0l\u2019initiative dans les quartiers, nourrir\u00a0la plan\u00e8te sans (trop) la polluer, sortir les enfants de la pauvret\u00e9 l\u00e0 o\u00f9 l\u2019esclavage persiste, consommer autrement, promouvoir une vision du handicap sans mis\u00e9rabilisme, r\u00e9sister aux mafias\u2026 A nous, journalistes qui\u00a0voulons raconter le monde tel qu\u2019il est, de\u00a0continuer \u00e0 nous faire les relais de ces r\u00e9alit\u00e9s et d\u2019incarner \u00abune info qui donne envie d\u2019agir\u00bb. C\u2019est bien l\u2019objet de ce <em>Lib\u00e9<\/em> des solutions, port\u00e9 par <em>Lib\u00e9ration <\/em>et Reporters d\u2019Espoirs pour la 7<sup>e<\/sup>\u00a0ann\u00e9e. A\u00a0vous aussi, lecteurs, d\u2019y trouver inspiration pour passer\u00a0\u00e0\u00a0l\u2019action !<\/p>\n<p>Fran\u00e7ois Sergent, directeur adjoint de la r\u00e9daction de Lib\u00e9ration<\/p>\n<p>Gilles Vanderpooten, directeur de Reporters d&rsquo;Espoirs<\/p>\n<p><em>Paru dans Lib\u00e9ration, \u00ab\u00a0le Lib\u00e9 des solutions\u00a0\u00bb du 23 d\u00e9cembre 2013<\/em><\/p>\n<\/div>\n","protected":false},"excerpt":{"rendered":"<p>H\u00e9ros, Nelson Mandela, St\u00e9phane Hessel, Albert Jacquard\u2026 Ils nous ont quitt\u00e9s cette ann\u00e9e, alors que l\u2019on c\u00e9l\u00e9brait Martin Luther King et le 50e\u00a0anniversaire de son r\u00eave. Porter\u00a0leurs r\u00eaves &#8211; de libert\u00e9 et de justice &#8211; dans la r\u00e9alit\u00e9, c\u2019est sans doute le d\u00e9nominateur commun \u00e0 ces sages qui, tout\u00a0en\u00a0luttant contre les atteintes aux droits de\u00a0l\u2019homme, [&hellip;]<\/p>\n","protected":false},"author":1,"featured_media":8059,"comment_status":"open","ping_status":"open","sticky":false,"template":"","format":"standard","meta":{"_acf_changed":false,"footnotes":""},"categories":[79],"tags":[],"class_list":["post-8056","post","type-post","status-publish","format-standard","has-post-thumbnail","hentry","category-tribunes"],"acf":[],"_links":{"self":[{"href":"https:\/\/vivelaterre.com\/livres2026\/wp-json\/wp\/v2\/posts\/8056","targetHints":{"allow":["GET"]}}],"collection":[{"href":"https:\/\/vivelaterre.com\/livres2026\/wp-json\/wp\/v2\/posts"}],"about":[{"href":"https:\/\/vivelaterre.com\/livres2026\/wp-json\/wp\/v2\/types\/post"}],"author":[{"embeddable":true,"href":"https:\/\/vivelaterre.com\/livres2026\/wp-json\/wp\/v2\/users\/1"}],"replies":[{"embeddable":true,"href":"https:\/\/vivelaterre.com\/livres2026\/wp-json\/wp\/v2\/comments?post=8056"}],"version-history":[{"count":1,"href":"https:\/\/vivelaterre.com\/livres2026\/wp-json\/wp\/v2\/posts\/8056\/revisions"}],"predecessor-version":[{"id":8057,"href":"https:\/\/vivelaterre.com\/livres2026\/wp-json\/wp\/v2\/posts\/8056\/revisions\/8057"}],"wp:featuredmedia":[{"embeddable":true,"href":"https:\/\/vivelaterre.com\/livres2026\/wp-json\/wp\/v2\/media\/8059"}],"wp:attachment":[{"href":"https:\/\/vivelaterre.com\/livres2026\/wp-json\/wp\/v2\/media?parent=8056"}],"wp:term":[{"taxonomy":"category","embeddable":true,"href":"https:\/\/vivelaterre.com\/livres2026\/wp-json\/wp\/v2\/categories?post=8056"},{"taxonomy":"post_tag","embeddable":true,"href":"https:\/\/vivelaterre.com\/livres2026\/wp-json\/wp\/v2\/tags?post=8056"}],"curies":[{"name":"wp","href":"https:\/\/api.w.org\/{rel}","templated":true}]}}