{"id":8061,"date":"2015-10-27T00:07:12","date_gmt":"2015-10-26T23:07:12","guid":{"rendered":"http:\/\/vivelaterre.com\/livres2026\/?p=8061"},"modified":"2015-10-27T00:08:53","modified_gmt":"2015-10-26T23:08:53","slug":"carriere-vanderpooten-dedicace-trouville","status":"publish","type":"post","link":"https:\/\/vivelaterre.com\/livres2026\/2015\/10\/carriere-vanderpooten-dedicace-trouville\/","title":{"rendered":"JC.Carri\u00e8re et G.Vanderpooten d\u00e9dicacent \u00ab\u00a0Utopie quand reviendras-tu\u00a0\u00bb samedi \u00e0 Trouville-sur-mer"},"content":{"rendered":"<h1><span style=\"font-family: Cambria; color: #000000;\"> \u00ab\u00a0<span style=\"font-family: Calibri;\">Utopie, quand reviendras-tu ?\u00a0\u00bb<br \/>\n<\/span><span style=\"font-family: Calibri;\"><b>Jean-Claude Carri\u00e8re<\/b> et Gilles Vanderpooten<br \/>\nen d\u00e9dicade au Salon du livre de Trouville sur Mer (Normandie)<br \/>\nSamedi 31 octobre 2015 de 14h \u00e0 18h30<br \/>\n<\/span><\/span><\/h1>\n<p>L&rsquo;occasion de rencontrer \u00e9galement de nombreux autres auteurs parmi lesquels Jean-Pierre Coffe, Eric Fottorino, Andr\u00e9 Comte-Sponville, Jean-Fran\u00e7ois Kahn, Patrice Franceschi, J\u00e9r\u00f4me Garcin&#8230;<\/p>\n<p><strong><a href=\"http:\/\/vivelaterre.com\/livres2026\/wp-content\/uploads\/2015\/05\/jcc.jpg\"><img fetchpriority=\"high\" decoding=\"async\" class=\" wp-image-8044 alignright\" alt=\"jcc\" src=\"http:\/\/vivelaterre.com\/livres2026\/wp-content\/uploads\/2015\/05\/jcc-665x1024.jpg\" width=\"399\" height=\"614\" srcset=\"https:\/\/vivelaterre.com\/livres2026\/wp-content\/uploads\/2015\/05\/jcc-665x1024.jpg 665w, https:\/\/vivelaterre.com\/livres2026\/wp-content\/uploads\/2015\/05\/jcc-194x300.jpg 194w, https:\/\/vivelaterre.com\/livres2026\/wp-content\/uploads\/2015\/05\/jcc.jpg 1000w\" sizes=\"(max-width: 399px) 100vw, 399px\" \/><\/a>A propos de \u00ab\u00a0Utopie, quand reviendras-tu ?\u00a0\u00bb, publi\u00e9 aux \u00e9ditions de l&rsquo;Aube<br \/>\n<\/strong><\/p>\n<p><span style=\"font-family: Cambria;\">Quel parcours \u00e9tonnant que celui d\u2019un fils de paysans qui vient d&rsquo;\u00eatre consacr\u00e9 par un Oscar \u00e0 Hollywood pour l\u2019ensemble de son \u0153uvre !<\/span><\/p>\n<p><span style=\"font-family: Cambria;\">Ancr\u00e9 dans ses C\u00e9vennes natales o\u00f9 il retourne vivre chaque \u00e9t\u00e9, cet homme multiple \u2013 sc\u00e9nariste, \u00e9crivain, acteur \u2013 est depuis longtemps engag\u00e9 pour l\u2019\u00e9cologie. Mais il ne cache plus son d\u00e9couragement, se fait peu d\u2019illusion quant \u00e0 notre volont\u00e9 d\u2019agir face aux d\u00e9fis majeurs de notre temps.<\/span><\/p>\n<p><span style=\"font-family: Cambria;\">Pour autant, il a la gr\u00e2ce de continuer \u00e0 s\u2019\u00e9merveiller de ce qui lui arrive et du monde qui l\u2019entoure. Et voudrait croire en une folie salutaire. Viendra-t-elle de la g\u00e9n\u00e9ration de sa fille aujourd\u2019hui \u00e2g\u00e9e de 12 ans ? De la jeunesse qu\u2019il voit s\u2019engager ?<\/span><\/p>\n<p><span style=\"font-family: Cambria;\"> Rencontre avec un \u00ab honn\u00eate homme \u00bb, g\u00e9n\u00e9reux, cultiv\u00e9, \u00e0 travers mille anecdotes qu\u2019il aime partager.<\/span><\/p>\n<p>&nbsp;<\/p>\n<p>14h \/ 18h30 : DEDICACE<\/p>\n<div data-canvas-width=\"203.86166666666662\">17h : RENCONTRE avec Jean-Claude CARRI\u00c8RE et Jean-Pierre COFFE sur le th\u00e8me \u00ab\u00a0Le bonheur de cr\u00e9er\u00a0\u00bb<\/div>\n<p>&gt; <a href=\"http:\/\/www.trouville.fr\/images\/stories\/Actus\/2015-10\/Programme_SalonDuLivre2015.pdf\" target=\"_blank\">Le programme complet du Salon du livre de Trouville (PDF)<\/a><\/p>\n<p>&nbsp;<\/p>\n","protected":false},"excerpt":{"rendered":"<p>\u00ab\u00a0Utopie, quand reviendras-tu ?\u00a0\u00bb Jean-Claude Carri\u00e8re et Gilles Vanderpooten en d\u00e9dicade au Salon du livre de Trouville sur Mer (Normandie) Samedi 31 octobre 2015 de 14h \u00e0 18h30 L&rsquo;occasion de rencontrer \u00e9galement de nombreux autres auteurs parmi lesquels Jean-Pierre Coffe, Eric Fottorino, Andr\u00e9 Comte-Sponville, Jean-Fran\u00e7ois Kahn, Patrice Franceschi, J\u00e9r\u00f4me Garcin&#8230; A propos de \u00ab\u00a0Utopie, quand [&hellip;]<\/p>\n","protected":false},"author":1,"featured_media":8062,"comment_status":"open","ping_status":"open","sticky":false,"template":"","format":"standard","meta":{"_acf_changed":false,"footnotes":""},"categories":[75],"tags":[],"class_list":["post-8061","post","type-post","status-publish","format-standard","has-post-thumbnail","hentry","category-rendez-vous"],"acf":[],"_links":{"self":[{"href":"https:\/\/vivelaterre.com\/livres2026\/wp-json\/wp\/v2\/posts\/8061","targetHints":{"allow":["GET"]}}],"collection":[{"href":"https:\/\/vivelaterre.com\/livres2026\/wp-json\/wp\/v2\/posts"}],"about":[{"href":"https:\/\/vivelaterre.com\/livres2026\/wp-json\/wp\/v2\/types\/post"}],"author":[{"embeddable":true,"href":"https:\/\/vivelaterre.com\/livres2026\/wp-json\/wp\/v2\/users\/1"}],"replies":[{"embeddable":true,"href":"https:\/\/vivelaterre.com\/livres2026\/wp-json\/wp\/v2\/comments?post=8061"}],"version-history":[{"count":3,"href":"https:\/\/vivelaterre.com\/livres2026\/wp-json\/wp\/v2\/posts\/8061\/revisions"}],"predecessor-version":[{"id":8065,"href":"https:\/\/vivelaterre.com\/livres2026\/wp-json\/wp\/v2\/posts\/8061\/revisions\/8065"}],"wp:featuredmedia":[{"embeddable":true,"href":"https:\/\/vivelaterre.com\/livres2026\/wp-json\/wp\/v2\/media\/8062"}],"wp:attachment":[{"href":"https:\/\/vivelaterre.com\/livres2026\/wp-json\/wp\/v2\/media?parent=8061"}],"wp:term":[{"taxonomy":"category","embeddable":true,"href":"https:\/\/vivelaterre.com\/livres2026\/wp-json\/wp\/v2\/categories?post=8061"},{"taxonomy":"post_tag","embeddable":true,"href":"https:\/\/vivelaterre.com\/livres2026\/wp-json\/wp\/v2\/tags?post=8061"}],"curies":[{"name":"wp","href":"https:\/\/api.w.org\/{rel}","templated":true}]}}