{"id":8087,"date":"2016-08-10T12:13:18","date_gmt":"2016-08-10T10:13:18","guid":{"rendered":"http:\/\/vivelaterre.com\/livres2026\/?p=8087"},"modified":"2016-08-10T12:13:55","modified_gmt":"2016-08-10T10:13:55","slug":"hk-rencontre-stephane-hessel","status":"publish","type":"post","link":"https:\/\/vivelaterre.com\/livres2026\/2016\/08\/hk-rencontre-stephane-hessel\/","title":{"rendered":"\u00ab\u00a0J\u2019ai ressenti cette rencontre comme la l\u00e9gitimation de mes combats\u00a0\u00bb ou la rencontre du chanteur HK avec St\u00e9phane Hessel"},"content":{"rendered":"<p><strong>[Lu dans Nord Eclair] Une rencontre peut changer toute une vie. Cet \u00e9t\u00e9, des m\u00e9tropolitains nous racontent celle qu\u2019ils ne pourront jamais oublier. Aujourd\u2019hui, l\u2019artiste roubaisien HK se souvient de l\u2019apparition d\u2019un personnage fascinant.<\/strong><\/p>\n[&#8230;]\n<p>\u00ab\u00a0 <i>On voit arriver un vieux monsieur rigolo, et les organisateurs commencent \u00e0 s\u2019extasier de sa pr\u00e9sence alors qu\u2019on n\u2019avait aucune id\u00e9e de qui c\u2019\u00e9tait<\/i> \u00a0\u00bb, se souvient le chanteur. \u00ab\u00a0 <i>Du coup, on se renseigne, et on commence \u00e0 r\u00e9aliser qui on a devant nous\u2026<\/i> \u00a0\u00bb. Quand il raconte cette premi\u00e8re rencontre, HK insiste sur l\u2019aura de l\u2019ancien r\u00e9sistant de 92 ans, entour\u00e9 \u00ab\u00a0 <i>d\u2019une nu\u00e9e d\u2019ondes positives<\/i> \u00a0\u00bb.<\/p>\n[&#8230;]\n<p>Cette aventure va marquer le chanteur de mani\u00e8re ind\u00e9l\u00e9bile\u00a0: \u00ab\u00a0 <i>J\u2019\u00e9tais d\u00e9j\u00e0 engag\u00e9 avant, mais j\u2019ai ressenti cette rencontre comme la l\u00e9gitimation de mes combats<\/i> \u00a0\u00bb. Ce n\u2019est que quelques mois plus tard qu\u2019Hessel devient c\u00e9l\u00e8bre aupr\u00e8s du grand public en publiant son immense succ\u00e8s d\u2019\u00e9dition <i>Indignez vous\u00a0!<\/i> (plusieurs millions d\u2019exemplaires vendus), qui inspire \u00e0 HK une chanson du m\u00eame nom en son hommage.<\/p>\n<p><a href=\"http:\/\/www.nordeclair.fr\/info-locale\/roubaix-le-jour-ou-le-chanteur-hk-rencontra-stephane-hessel-ia50b0n1223817\" target=\"_blank\">&gt; L&rsquo;article complet sur le site de Nord Eclair<\/a><\/p>\n","protected":false},"excerpt":{"rendered":"<p>[Lu dans Nord Eclair] Une rencontre peut changer toute une vie. Cet \u00e9t\u00e9, des m\u00e9tropolitains nous racontent celle qu\u2019ils ne pourront jamais oublier. Aujourd\u2019hui, l\u2019artiste roubaisien HK se souvient de l\u2019apparition d\u2019un personnage fascinant. [&#8230;] \u00ab\u00a0 On voit arriver un vieux monsieur rigolo, et les organisateurs commencent \u00e0 s\u2019extasier de sa pr\u00e9sence alors qu\u2019on n\u2019avait [&hellip;]<\/p>\n","protected":false},"author":1,"featured_media":8088,"comment_status":"open","ping_status":"open","sticky":false,"template":"","format":"standard","meta":{"_acf_changed":false,"footnotes":""},"categories":[78],"tags":[],"class_list":["post-8087","post","type-post","status-publish","format-standard","has-post-thumbnail","hentry","category-stephane-hessel"],"acf":[],"_links":{"self":[{"href":"https:\/\/vivelaterre.com\/livres2026\/wp-json\/wp\/v2\/posts\/8087","targetHints":{"allow":["GET"]}}],"collection":[{"href":"https:\/\/vivelaterre.com\/livres2026\/wp-json\/wp\/v2\/posts"}],"about":[{"href":"https:\/\/vivelaterre.com\/livres2026\/wp-json\/wp\/v2\/types\/post"}],"author":[{"embeddable":true,"href":"https:\/\/vivelaterre.com\/livres2026\/wp-json\/wp\/v2\/users\/1"}],"replies":[{"embeddable":true,"href":"https:\/\/vivelaterre.com\/livres2026\/wp-json\/wp\/v2\/comments?post=8087"}],"version-history":[{"count":1,"href":"https:\/\/vivelaterre.com\/livres2026\/wp-json\/wp\/v2\/posts\/8087\/revisions"}],"predecessor-version":[{"id":8089,"href":"https:\/\/vivelaterre.com\/livres2026\/wp-json\/wp\/v2\/posts\/8087\/revisions\/8089"}],"wp:featuredmedia":[{"embeddable":true,"href":"https:\/\/vivelaterre.com\/livres2026\/wp-json\/wp\/v2\/media\/8088"}],"wp:attachment":[{"href":"https:\/\/vivelaterre.com\/livres2026\/wp-json\/wp\/v2\/media?parent=8087"}],"wp:term":[{"taxonomy":"category","embeddable":true,"href":"https:\/\/vivelaterre.com\/livres2026\/wp-json\/wp\/v2\/categories?post=8087"},{"taxonomy":"post_tag","embeddable":true,"href":"https:\/\/vivelaterre.com\/livres2026\/wp-json\/wp\/v2\/tags?post=8087"}],"curies":[{"name":"wp","href":"https:\/\/api.w.org\/{rel}","templated":true}]}}