{"id":8107,"date":"2017-02-08T22:59:44","date_gmt":"2017-02-08T21:59:44","guid":{"rendered":"http:\/\/vivelaterre.com\/livres2026\/?p=8107"},"modified":"2017-02-08T22:59:44","modified_gmt":"2017-02-08T21:59:44","slug":"gilles-vanderpooten-france-inter-charline-vanhoenacker","status":"publish","type":"post","link":"https:\/\/vivelaterre.com\/livres2026\/2017\/02\/gilles-vanderpooten-france-inter-charline-vanhoenacker\/","title":{"rendered":"8\/2\/2017 : Gilles Vanderpooten invit\u00e9 de France Inter"},"content":{"rendered":"<div>\n<p>Gilles Vanderpooten \u00e9tait en direct ce mercredi 8 f\u00e9vrier 2017 sur France Inter, invit\u00e9 par <a title=\"Charline Vanhoenacker\" href=\"https:\/\/www.franceinter.fr\/personnes\/charline-vanhoenacker\">Charline Vanhoenacker<\/a> et\u00a0 <a title=\"Alex Vizorek\" href=\"https:\/\/www.franceinter.fr\/personnes\/alex-vizorek\">Alex Vizorek<\/a> dans l&rsquo;\u00e9mission \u00ab\u00a0Si tu \u00e9coutes, j&rsquo;annule tout\u00a0\u00bb.<\/p>\n<p><strong>Aujourd&rsquo;hui, Charline Vanhoenacker et Alex Vizorek re\u00e7oivent Gilles Vanderpooten. Il est pr\u00e9sident de l&rsquo;association <a href=\"http:\/\/www.reportersdespoirs.org\/\" target=\"_blank\">Reporters d&rsquo;espoirs<\/a>, qui milite pour un \u00ab journalisme de solutions \u00bb et un traitement de l\u2019information moins anxiog\u00e8ne. L&rsquo;ONG a notamment cr\u00e9\u00e9 le Prix Reporters d&rsquo;Espoirs. Les candidatures \u00e0 d\u00e9poser sur le site de l\u2019association jusqu&rsquo;au 15 mars. Et puis, \u00e0 para\u00eetre en mars prochain : <em>La France des solutions<\/em>, qu&rsquo;il a co-\u00e9crit avec Jean-Louis Etienne.<\/strong><\/p>\n<p><strong><span style=\"color: #ff0000;\">R\u00e9\u00e9coutez l&rsquo;\u00e9mission ici :<\/span><\/strong><br \/>\n<iframe src=\"https:\/\/www.franceinter.fr\/embed\/player\/aod\/86d2faeb-72f1-4620-bc1e-af0d9cc4bfec\" height=\"64\" width=\"100%\" frameborder=\"0\" scrolling=\"no\"><\/iframe><\/p>\n<p><strong>\u00a0<\/strong><\/p>\n<h2>Au programme de cette \u00e9mission :<\/h2>\n<ul>\n<li>Emmanuel Macron, En Marche, mais vers quelles solutions ?<\/li>\n<li>Le bio entre en campagne. C&rsquo;est un papier de l&rsquo;Humanit\u00e9 aujourd&rsquo;hui : Les acteurs de la fili\u00e8re lancent un pacte pour faire de la France le leader du bio en Europe. Les candidats \u00e0 la pr\u00e9sidentielle sont invit\u00e9s \u00e0 en d\u00e9battre.<\/li>\n<li>Une monnaie locale va \u00eatre lanc\u00e9e \u00e0 Paris : la Seine<\/li>\n<\/ul>\n<h2>Retrouvez toute l&rsquo;\u00e9quipe de Si tu \u00e9coutes j&rsquo;annule tout avec :<\/h2>\n<ul>\n<li>Le billet de Pablo Mira, du Gorafi<\/li>\n<li>La chronique litt\u00e9raire de Juliette Arnaud : <em>Les Amours interdites,<\/em> de Yukio Mishima (Ed. Folio)<\/li>\n<li>Le reportage de Guillaume Meurice, avec les soutiens d&rsquo;Herv\u00e9 Mariton<\/li>\n<\/ul>\n<\/div>\n","protected":false},"excerpt":{"rendered":"<p>Gilles Vanderpooten \u00e9tait en direct ce mercredi 8 f\u00e9vrier 2017 sur France Inter, invit\u00e9 par Charline Vanhoenacker et\u00a0 Alex Vizorek dans l&rsquo;\u00e9mission \u00ab\u00a0Si tu \u00e9coutes, j&rsquo;annule tout\u00a0\u00bb. Aujourd&rsquo;hui, Charline Vanhoenacker et Alex Vizorek re\u00e7oivent Gilles Vanderpooten. Il est pr\u00e9sident de l&rsquo;association Reporters d&rsquo;espoirs, qui milite pour un \u00ab journalisme de solutions \u00bb et un traitement [&hellip;]<\/p>\n","protected":false},"author":1,"featured_media":0,"comment_status":"open","ping_status":"open","sticky":false,"template":"","format":"standard","meta":{"_acf_changed":false,"footnotes":""},"categories":[76],"tags":[],"class_list":["post-8107","post","type-post","status-publish","format-standard","hentry","category-dans-les-medias"],"acf":[],"_links":{"self":[{"href":"https:\/\/vivelaterre.com\/livres2026\/wp-json\/wp\/v2\/posts\/8107","targetHints":{"allow":["GET"]}}],"collection":[{"href":"https:\/\/vivelaterre.com\/livres2026\/wp-json\/wp\/v2\/posts"}],"about":[{"href":"https:\/\/vivelaterre.com\/livres2026\/wp-json\/wp\/v2\/types\/post"}],"author":[{"embeddable":true,"href":"https:\/\/vivelaterre.com\/livres2026\/wp-json\/wp\/v2\/users\/1"}],"replies":[{"embeddable":true,"href":"https:\/\/vivelaterre.com\/livres2026\/wp-json\/wp\/v2\/comments?post=8107"}],"version-history":[{"count":1,"href":"https:\/\/vivelaterre.com\/livres2026\/wp-json\/wp\/v2\/posts\/8107\/revisions"}],"predecessor-version":[{"id":8108,"href":"https:\/\/vivelaterre.com\/livres2026\/wp-json\/wp\/v2\/posts\/8107\/revisions\/8108"}],"wp:attachment":[{"href":"https:\/\/vivelaterre.com\/livres2026\/wp-json\/wp\/v2\/media?parent=8107"}],"wp:term":[{"taxonomy":"category","embeddable":true,"href":"https:\/\/vivelaterre.com\/livres2026\/wp-json\/wp\/v2\/categories?post=8107"},{"taxonomy":"post_tag","embeddable":true,"href":"https:\/\/vivelaterre.com\/livres2026\/wp-json\/wp\/v2\/tags?post=8107"}],"curies":[{"name":"wp","href":"https:\/\/api.w.org\/{rel}","templated":true}]}}