{"id":8112,"date":"2017-02-08T23:20:24","date_gmt":"2017-02-08T22:20:24","guid":{"rendered":"http:\/\/vivelaterre.com\/livres2026\/?p=8112"},"modified":"2017-02-08T23:21:12","modified_gmt":"2017-02-08T22:21:12","slug":"hommage-stephane-hessel-maghreb-des-livres","status":"publish","type":"post","link":"https:\/\/vivelaterre.com\/livres2026\/2017\/02\/hommage-stephane-hessel-maghreb-des-livres\/","title":{"rendered":"18\/2\/2017 : Hommage \u00e0 St\u00e9phane Hessel, Hotel de Ville de Paris, avec Guy Bedos"},"content":{"rendered":"<p><strong>RDV Samedi 18 f\u00e9vrier 2017 \u00e0 15h \u00e0 l\u2019H\u00f4tel de Ville de Paris, pour une rencontre autour de St\u00e9phane Hessel, dans le cadre du festival \u00ab\u00a0Le Maghreb des livres\u00a0\u00bb.<\/strong><\/p>\n<p>Parmi les invit\u00e9s :<\/p>\n<ul>\n<li>Christiane Hessel<\/li>\n<li>Guy Bedos, humoriste, com\u00e9dien et \u00e9crivain<\/li>\n<li>Brahim Senouci, \u00e9crivain<\/li>\n<li>Pierre Galand, \u00e9conomiste, activiste<\/li>\n<li>Gilles Vanderpooten, coauteur d&rsquo; \u00ab\u00a0Engagez-vous !\u00a0\u00bb avec St\u00e9phane Hessel, et de \u00ab\u00a0St\u00e9phane Hessel, irr\u00e9sistible optimiste\u00a0\u00bb avec Christiane Hessel<\/li>\n<\/ul>\n<p>Programme &amp; Infos sur <a href=\"http:\/\/coupdesoleil.net\/maghreb-des-livres-2017\/ \" target=\"_blank\">http:\/\/coupdesoleil.net\/maghreb-des-livres-2017\/ <\/a><\/p>\n","protected":false},"excerpt":{"rendered":"<p>RDV Samedi 18 f\u00e9vrier 2017 \u00e0 15h \u00e0 l\u2019H\u00f4tel de Ville de Paris, pour une rencontre autour de St\u00e9phane Hessel, dans le cadre du festival \u00ab\u00a0Le Maghreb des livres\u00a0\u00bb. Parmi les invit\u00e9s : Christiane Hessel Guy Bedos, humoriste, com\u00e9dien et \u00e9crivain Brahim Senouci, \u00e9crivain Pierre Galand, \u00e9conomiste, activiste Gilles Vanderpooten, coauteur d&rsquo; \u00ab\u00a0Engagez-vous !\u00a0\u00bb avec [&hellip;]<\/p>\n","protected":false},"author":1,"featured_media":8113,"comment_status":"open","ping_status":"open","sticky":false,"template":"","format":"standard","meta":{"_acf_changed":false,"footnotes":""},"categories":[75],"tags":[99,122,87,124,120,121,123,86],"class_list":["post-8112","post","type-post","status-publish","format-standard","has-post-thumbnail","hentry","category-rendez-vous","tag-bedos","tag-galand","tag-hessel","tag-hotel-de-ville","tag-maghreb-des-livres","tag-senuci","tag-stephane-hessel-2","tag-vanderpooten"],"acf":[],"_links":{"self":[{"href":"https:\/\/vivelaterre.com\/livres2026\/wp-json\/wp\/v2\/posts\/8112","targetHints":{"allow":["GET"]}}],"collection":[{"href":"https:\/\/vivelaterre.com\/livres2026\/wp-json\/wp\/v2\/posts"}],"about":[{"href":"https:\/\/vivelaterre.com\/livres2026\/wp-json\/wp\/v2\/types\/post"}],"author":[{"embeddable":true,"href":"https:\/\/vivelaterre.com\/livres2026\/wp-json\/wp\/v2\/users\/1"}],"replies":[{"embeddable":true,"href":"https:\/\/vivelaterre.com\/livres2026\/wp-json\/wp\/v2\/comments?post=8112"}],"version-history":[{"count":1,"href":"https:\/\/vivelaterre.com\/livres2026\/wp-json\/wp\/v2\/posts\/8112\/revisions"}],"predecessor-version":[{"id":8114,"href":"https:\/\/vivelaterre.com\/livres2026\/wp-json\/wp\/v2\/posts\/8112\/revisions\/8114"}],"wp:featuredmedia":[{"embeddable":true,"href":"https:\/\/vivelaterre.com\/livres2026\/wp-json\/wp\/v2\/media\/8113"}],"wp:attachment":[{"href":"https:\/\/vivelaterre.com\/livres2026\/wp-json\/wp\/v2\/media?parent=8112"}],"wp:term":[{"taxonomy":"category","embeddable":true,"href":"https:\/\/vivelaterre.com\/livres2026\/wp-json\/wp\/v2\/categories?post=8112"},{"taxonomy":"post_tag","embeddable":true,"href":"https:\/\/vivelaterre.com\/livres2026\/wp-json\/wp\/v2\/tags?post=8112"}],"curies":[{"name":"wp","href":"https:\/\/api.w.org\/{rel}","templated":true}]}}