{"id":8120,"date":"2017-03-09T23:41:04","date_gmt":"2017-03-09T22:41:04","guid":{"rendered":"http:\/\/vivelaterre.com\/livres2026\/?p=8120"},"modified":"2017-03-09T23:41:04","modified_gmt":"2017-03-09T22:41:04","slug":"la-france-des-solutions-parution-du-livre-le-15-mars-2017","status":"publish","type":"post","link":"https:\/\/vivelaterre.com\/livres2026\/2017\/03\/la-france-des-solutions-parution-du-livre-le-15-mars-2017\/","title":{"rendered":"La France des solutions : parution du livre le 15 mars 2017 !"},"content":{"rendered":"<div>\n<div>\n<h1>La France des solutions<br \/>\n<em>Ces citoyens qui b\u00e2tissent l\u2019avenir<\/em><\/h1>\n<h3>C&rsquo;est le titre du livre de l&rsquo;association Reporters d\u2019Espoirs<br \/>\ncoordonn\u00e9 par Gilles Vanderpooten et parrain\u00e9 par Jean-Louis Etienne<br \/>\nqui sort le 15 mars 2017 aux \u00e9ditions Arthaud.<\/h3>\n<p>Au sommaire : 50 acteurs de solutions, citoyens, entrepreneurs, \u00e9lus, associatifs, qui mettent en \u0153uvre des initiatives constructives en mati\u00e8re d&rsquo;environnement, d&rsquo;\u00e9conomie, de solidarit\u00e9.<\/p>\n<p><a href=\"http:\/\/www.reportersdespoirs.org\/frsol2017\/\" target=\"_blank\">&gt; Toutes les infos sur le site de Reporters d&rsquo;Espoirs<\/a><\/p>\n<\/div>\n<\/div>\n","protected":false},"excerpt":{"rendered":"<p>La France des solutions Ces citoyens qui b\u00e2tissent l\u2019avenir C&rsquo;est le titre du livre de l&rsquo;association Reporters d\u2019Espoirs coordonn\u00e9 par Gilles Vanderpooten et parrain\u00e9 par Jean-Louis Etienne qui sort le 15 mars 2017 aux \u00e9ditions Arthaud. Au sommaire : 50 acteurs de solutions, citoyens, entrepreneurs, \u00e9lus, associatifs, qui mettent en \u0153uvre des initiatives constructives en [&hellip;]<\/p>\n","protected":false},"author":1,"featured_media":8121,"comment_status":"open","ping_status":"open","sticky":false,"template":"","format":"standard","meta":{"_acf_changed":false,"footnotes":""},"categories":[1],"tags":[128,127,125,126],"class_list":["post-8120","post","type-post","status-publish","format-standard","has-post-thumbnail","hentry","category-news","tag-arthaud","tag-gilles-vanderpooten","tag-jean-louis-etienne","tag-reporters-despoirs"],"acf":[],"_links":{"self":[{"href":"https:\/\/vivelaterre.com\/livres2026\/wp-json\/wp\/v2\/posts\/8120","targetHints":{"allow":["GET"]}}],"collection":[{"href":"https:\/\/vivelaterre.com\/livres2026\/wp-json\/wp\/v2\/posts"}],"about":[{"href":"https:\/\/vivelaterre.com\/livres2026\/wp-json\/wp\/v2\/types\/post"}],"author":[{"embeddable":true,"href":"https:\/\/vivelaterre.com\/livres2026\/wp-json\/wp\/v2\/users\/1"}],"replies":[{"embeddable":true,"href":"https:\/\/vivelaterre.com\/livres2026\/wp-json\/wp\/v2\/comments?post=8120"}],"version-history":[{"count":1,"href":"https:\/\/vivelaterre.com\/livres2026\/wp-json\/wp\/v2\/posts\/8120\/revisions"}],"predecessor-version":[{"id":8122,"href":"https:\/\/vivelaterre.com\/livres2026\/wp-json\/wp\/v2\/posts\/8120\/revisions\/8122"}],"wp:featuredmedia":[{"embeddable":true,"href":"https:\/\/vivelaterre.com\/livres2026\/wp-json\/wp\/v2\/media\/8121"}],"wp:attachment":[{"href":"https:\/\/vivelaterre.com\/livres2026\/wp-json\/wp\/v2\/media?parent=8120"}],"wp:term":[{"taxonomy":"category","embeddable":true,"href":"https:\/\/vivelaterre.com\/livres2026\/wp-json\/wp\/v2\/categories?post=8120"},{"taxonomy":"post_tag","embeddable":true,"href":"https:\/\/vivelaterre.com\/livres2026\/wp-json\/wp\/v2\/tags?post=8120"}],"curies":[{"name":"wp","href":"https:\/\/api.w.org\/{rel}","templated":true}]}}