{"id":8136,"date":"2017-03-15T23:40:23","date_gmt":"2017-03-15T22:40:23","guid":{"rendered":"http:\/\/vivelaterre.com\/livres2026\/?p=8136"},"modified":"2017-03-15T23:52:21","modified_gmt":"2017-03-15T22:52:21","slug":"promotion-livre-france-des-solutions","status":"publish","type":"post","link":"https:\/\/vivelaterre.com\/livres2026\/2017\/03\/promotion-livre-france-des-solutions\/","title":{"rendered":"Promotion du livre La France des solutions : d\u00e9dicaces, rdv radio, interviews > \u00e0 suivre dans l&rsquo;agenda www.reportersdespoirs.org"},"content":{"rendered":"<p>Retrouvez dans l&rsquo;agenda de\u00a0 <a href=\"http:\/\/www.reportersdespoirs.org \">www.reportersdespoirs.org <\/a>les rendez-vous, interviews m\u00e9dias, conf\u00e9rences et d\u00e9dicaces de Gilles Vanderpooten et Jean-Louis Etienne \u00e0 l&rsquo;occasion de la promotion de leur livre \u00ab\u00a0La France des solutions\u00a0\u00bb aux \u00e9ditions Arthaud.<\/p>\n","protected":false},"excerpt":{"rendered":"<p>Retrouvez dans l&rsquo;agenda de\u00a0 www.reportersdespoirs.org les rendez-vous, interviews m\u00e9dias, conf\u00e9rences et d\u00e9dicaces de Gilles Vanderpooten et Jean-Louis Etienne \u00e0 l&rsquo;occasion de la promotion de leur livre \u00ab\u00a0La France des solutions\u00a0\u00bb aux \u00e9ditions Arthaud.<\/p>\n","protected":false},"author":1,"featured_media":0,"comment_status":"open","ping_status":"open","sticky":false,"template":"","format":"standard","meta":{"_acf_changed":false,"footnotes":""},"categories":[76,75],"tags":[128,131,129,130,127,125,133,132],"class_list":["post-8136","post","type-post","status-publish","format-standard","hentry","category-dans-les-medias","category-rendez-vous","tag-arthaud","tag-france-des-solutions","tag-frsol","tag-frsol2017","tag-gilles-vanderpooten","tag-jean-louis-etienne","tag-livre","tag-promotion"],"acf":[],"_links":{"self":[{"href":"https:\/\/vivelaterre.com\/livres2026\/wp-json\/wp\/v2\/posts\/8136","targetHints":{"allow":["GET"]}}],"collection":[{"href":"https:\/\/vivelaterre.com\/livres2026\/wp-json\/wp\/v2\/posts"}],"about":[{"href":"https:\/\/vivelaterre.com\/livres2026\/wp-json\/wp\/v2\/types\/post"}],"author":[{"embeddable":true,"href":"https:\/\/vivelaterre.com\/livres2026\/wp-json\/wp\/v2\/users\/1"}],"replies":[{"embeddable":true,"href":"https:\/\/vivelaterre.com\/livres2026\/wp-json\/wp\/v2\/comments?post=8136"}],"version-history":[{"count":1,"href":"https:\/\/vivelaterre.com\/livres2026\/wp-json\/wp\/v2\/posts\/8136\/revisions"}],"predecessor-version":[{"id":8137,"href":"https:\/\/vivelaterre.com\/livres2026\/wp-json\/wp\/v2\/posts\/8136\/revisions\/8137"}],"wp:attachment":[{"href":"https:\/\/vivelaterre.com\/livres2026\/wp-json\/wp\/v2\/media?parent=8136"}],"wp:term":[{"taxonomy":"category","embeddable":true,"href":"https:\/\/vivelaterre.com\/livres2026\/wp-json\/wp\/v2\/categories?post=8136"},{"taxonomy":"post_tag","embeddable":true,"href":"https:\/\/vivelaterre.com\/livres2026\/wp-json\/wp\/v2\/tags?post=8136"}],"curies":[{"name":"wp","href":"https:\/\/api.w.org\/{rel}","templated":true}]}}