{"id":8205,"date":"2019-11-16T23:37:58","date_gmt":"2019-11-16T22:37:58","guid":{"rendered":"http:\/\/vivelaterre.com\/livres2026\/?p=8205"},"modified":"2019-11-16T23:37:58","modified_gmt":"2019-11-16T22:37:58","slug":"prix-reporters-despoirs-stephane-hessel-2019","status":"publish","type":"post","link":"https:\/\/vivelaterre.com\/livres2026\/2019\/11\/prix-reporters-despoirs-stephane-hessel-2019\/","title":{"rendered":"Prix Reporters d&rsquo;Espoirs &#8211; St\u00e9phane Hessel 2019"},"content":{"rendered":"<p>A l&rsquo;occasion de son 15e anniversaire, l&rsquo;ONG Reporters d&rsquo;Espoirs a baptis\u00e9 son Prix de la presse \u00e9crite du nom de St\u00e9phane Hessel &#8211; qui en f\u00fbt en 2012 le parrain.<br \/>\nIl a \u00e9t\u00e9 remis, en pr\u00e9sence de Christiane Hessel, \u00e9pouse du R\u00e9sistant, Ambassadeur de France, auteur d&rsquo;Indignez-vous! et d&rsquo;Engagez-vous!, le 28 mai 2019 sur la p\u00e9niche \u00ab\u00a0Les Jardins du Pont Neuf\u00a0\u00bb \u00e0 Paris.<\/p>\n<p>Le laur\u00e9at du Prix Reporters d&rsquo;Espoirs-St\u00e9phane Hessel est le journaliste Marc de Miramon pour son reportage \u00ab\u00a0La culture berb\u00e8re contre l\u2019(in)culture barbare\u00a0\u00bb paru dans L\u2019Humanit\u00e9 Dimanche.<\/p>\n<p>La s\u00e9lection presse \u00e9crite portait cette ann\u00e9e sur des reportages dans des pays en d\u00e9veloppement -en proie \u00e0 des probl\u00e8mes aussi diff\u00e9rents que terrorisme, braconnage, pollution, pauvret\u00e9\u2026- dans lesquels des populations s\u2019organisent pour faire face et mettre en place des r\u00e9ponses \u00e0 leurs difficult\u00e9s. Marc de Miramon nous fait d\u00e9couvrir Semmama, un lieu culturel situ\u00e9 au c\u0153ur de la r\u00e9gion pauvre et montagneuse de Kasserine. Dans un secteur confront\u00e9 \u00e0 des groupes islamistes, cet \u00eelot parie sur la transmission pour endiguer le terrorisme.<\/p>\n<p>Elles et ils \u00e9taient \u00e9galement nomm\u00e9s dans la s\u00e9lection :<\/p>\n<ul>\n<li><strong>Marine Lamoureux <\/strong>La Croix<strong><br \/>\n<\/strong><\/li>\n<li><strong>Vincent Jolly <\/strong>Le Figaro<strong><br \/>\n<\/strong><\/li>\n<li><strong>Anne Dhoquois <\/strong>Alternatives-\u00e9co<\/li>\n<li><strong>Sophie Stadler <\/strong>Paris Match<strong><br \/>\n<\/strong><\/li>\n<\/ul>\n<p>&nbsp;<\/p>\n<p>&nbsp;<\/p>\n","protected":false},"excerpt":{"rendered":"<p>A l&rsquo;occasion de son 15e anniversaire, l&rsquo;ONG Reporters d&rsquo;Espoirs a baptis\u00e9 son Prix de la presse \u00e9crite du nom de St\u00e9phane Hessel &#8211; qui en f\u00fbt en 2012 le parrain. Il a \u00e9t\u00e9 remis, en pr\u00e9sence de Christiane Hessel, \u00e9pouse du R\u00e9sistant, Ambassadeur de France, auteur d&rsquo;Indignez-vous! et d&rsquo;Engagez-vous!, le 28 mai 2019 sur la [&hellip;]<\/p>\n","protected":false},"author":1,"featured_media":8207,"comment_status":"open","ping_status":"open","sticky":false,"template":"","format":"standard","meta":{"_acf_changed":false,"footnotes":""},"categories":[1,78],"tags":[135,113,127,136,134],"class_list":["post-8205","post","type-post","status-publish","format-standard","has-post-thumbnail","hentry","category-news","category-stephane-hessel","tag-catherine-boullay","tag-christiane-hessel","tag-gilles-vanderpooten","tag-jardins-du-pont-neuf","tag-prix-reporters-despoirs"],"acf":[],"_links":{"self":[{"href":"https:\/\/vivelaterre.com\/livres2026\/wp-json\/wp\/v2\/posts\/8205","targetHints":{"allow":["GET"]}}],"collection":[{"href":"https:\/\/vivelaterre.com\/livres2026\/wp-json\/wp\/v2\/posts"}],"about":[{"href":"https:\/\/vivelaterre.com\/livres2026\/wp-json\/wp\/v2\/types\/post"}],"author":[{"embeddable":true,"href":"https:\/\/vivelaterre.com\/livres2026\/wp-json\/wp\/v2\/users\/1"}],"replies":[{"embeddable":true,"href":"https:\/\/vivelaterre.com\/livres2026\/wp-json\/wp\/v2\/comments?post=8205"}],"version-history":[{"count":2,"href":"https:\/\/vivelaterre.com\/livres2026\/wp-json\/wp\/v2\/posts\/8205\/revisions"}],"predecessor-version":[{"id":8209,"href":"https:\/\/vivelaterre.com\/livres2026\/wp-json\/wp\/v2\/posts\/8205\/revisions\/8209"}],"wp:featuredmedia":[{"embeddable":true,"href":"https:\/\/vivelaterre.com\/livres2026\/wp-json\/wp\/v2\/media\/8207"}],"wp:attachment":[{"href":"https:\/\/vivelaterre.com\/livres2026\/wp-json\/wp\/v2\/media?parent=8205"}],"wp:term":[{"taxonomy":"category","embeddable":true,"href":"https:\/\/vivelaterre.com\/livres2026\/wp-json\/wp\/v2\/categories?post=8205"},{"taxonomy":"post_tag","embeddable":true,"href":"https:\/\/vivelaterre.com\/livres2026\/wp-json\/wp\/v2\/tags?post=8205"}],"curies":[{"name":"wp","href":"https:\/\/api.w.org\/{rel}","templated":true}]}}