{"id":8210,"date":"2019-11-16T23:45:39","date_gmt":"2019-11-16T22:45:39","guid":{"rendered":"http:\/\/vivelaterre.com\/livres2026\/?p=8210"},"modified":"2019-11-16T23:45:39","modified_gmt":"2019-11-16T22:45:39","slug":"christiane-hessel-centre-resistance-blois","status":"publish","type":"post","link":"https:\/\/vivelaterre.com\/livres2026\/2019\/11\/christiane-hessel-centre-resistance-blois\/","title":{"rendered":"Christiane Hessel inaugure le Centre de la R\u00e9sistance de Blois"},"content":{"rendered":"<p>Christiane Hessel \u00e9tait l&rsquo;invit\u00e9e d&rsquo;honneur de la Ville de Blois le 9 novembre, \u00e0 l&rsquo;occasion de l&rsquo;inauguration du Centre de la R\u00e9sistance et de la D\u00e9portation. Elle \u00e9tait accompagn\u00e9e de Gilles Vanderpooten, avec qui elle a \u00e9crit le livre-hommage \u00ab\u00a0St\u00e9phane Hessel, irr\u00e9sistible optimiste\u00a0\u00bb (\u00e9ditions de l&rsquo;Aube).<\/p>\n<p>Dans les m\u00e9dias<\/p>\n<p>&gt; <a href=\"https:\/\/france3-regions.francetvinfo.fr\/centre-val-de-loire\/loir-cher\/blois\/resistance-nouveau-lieu-memoire-blois-inaugure-ce-matin-1747481.html\">Le reportage de France3 Val de Loire <\/a><\/p>\n<p>&gt; <a href=\"https:\/\/www.lanouvellerepublique.fr\/blois\/a-blois-le-crdm-perpetue-l-esprit-de-toutes-les-resistances\">L&rsquo;article de La Nouvelle R\u00e9publique<\/a><\/p>\n","protected":false},"excerpt":{"rendered":"<p>Christiane Hessel \u00e9tait l&rsquo;invit\u00e9e d&rsquo;honneur de la Ville de Blois le 9 novembre, \u00e0 l&rsquo;occasion de l&rsquo;inauguration du Centre de la R\u00e9sistance et de la D\u00e9portation. Elle \u00e9tait accompagn\u00e9e de Gilles Vanderpooten, avec qui elle a \u00e9crit le livre-hommage \u00ab\u00a0St\u00e9phane Hessel, irr\u00e9sistible optimiste\u00a0\u00bb (\u00e9ditions de l&rsquo;Aube). Dans les m\u00e9dias &gt; Le reportage de France3 Val [&hellip;]<\/p>\n","protected":false},"author":1,"featured_media":0,"comment_status":"open","ping_status":"open","sticky":false,"template":"","format":"standard","meta":{"_acf_changed":false,"footnotes":""},"categories":[77,75,78],"tags":[137,138,113,139],"class_list":["post-8210","post","type-post","status-publish","format-standard","hentry","category-hommage","category-rendez-vous","category-stephane-hessel","tag-blois","tag-centre-de-la-resistance","tag-christiane-hessel","tag-marc-gricourt"],"acf":[],"_links":{"self":[{"href":"https:\/\/vivelaterre.com\/livres2026\/wp-json\/wp\/v2\/posts\/8210","targetHints":{"allow":["GET"]}}],"collection":[{"href":"https:\/\/vivelaterre.com\/livres2026\/wp-json\/wp\/v2\/posts"}],"about":[{"href":"https:\/\/vivelaterre.com\/livres2026\/wp-json\/wp\/v2\/types\/post"}],"author":[{"embeddable":true,"href":"https:\/\/vivelaterre.com\/livres2026\/wp-json\/wp\/v2\/users\/1"}],"replies":[{"embeddable":true,"href":"https:\/\/vivelaterre.com\/livres2026\/wp-json\/wp\/v2\/comments?post=8210"}],"version-history":[{"count":1,"href":"https:\/\/vivelaterre.com\/livres2026\/wp-json\/wp\/v2\/posts\/8210\/revisions"}],"predecessor-version":[{"id":8212,"href":"https:\/\/vivelaterre.com\/livres2026\/wp-json\/wp\/v2\/posts\/8210\/revisions\/8212"}],"wp:attachment":[{"href":"https:\/\/vivelaterre.com\/livres2026\/wp-json\/wp\/v2\/media?parent=8210"}],"wp:term":[{"taxonomy":"category","embeddable":true,"href":"https:\/\/vivelaterre.com\/livres2026\/wp-json\/wp\/v2\/categories?post=8210"},{"taxonomy":"post_tag","embeddable":true,"href":"https:\/\/vivelaterre.com\/livres2026\/wp-json\/wp\/v2\/tags?post=8210"}],"curies":[{"name":"wp","href":"https:\/\/api.w.org\/{rel}","templated":true}]}}