{"id":8333,"date":"2021-11-09T23:52:18","date_gmt":"2021-11-09T22:52:18","guid":{"rendered":"http:\/\/vivelaterre.com\/livres2026\/?p=8333"},"modified":"2021-11-09T23:53:30","modified_gmt":"2021-11-09T22:53:30","slug":"la-france-des-solutions-nation-creative-15-decembre-2021-maison-radio","status":"publish","type":"post","link":"https:\/\/vivelaterre.com\/livres2026\/2021\/11\/la-france-des-solutions-nation-creative-15-decembre-2021-maison-radio\/","title":{"rendered":"La France des solutions, nation cr\u00e9ative : l&rsquo;\u00e9v\u00e9nement le 15 d\u00e9cembre 2021 \u00e0 la Maison de la Radio"},"content":{"rendered":"<p>L&rsquo;ONG Reporters d&rsquo;Espoirs a choisi d&rsquo;investir un nouveau lieu -le mythique studio 104 de la Maison de la radio (et aussi, d\u00e9sormais, de la musique) de Radiofrance \u00e0 Paris, pour la 9e \u00e9dition de son \u00e9v\u00e9nement-phare \u00ab\u00a0La France des solutions\u00a0\u00bb.<\/p>\n<p>A l&rsquo;initiative de Gilles Vanderpooten, dans le prolongement de ses travaux avec le design Philippe Starck, le choix du th\u00e8me de la cr\u00e9ativit\u00e9 sera \u00e0 l&rsquo;honneur, dans ses dimensions non seulement artistiques, mais aussi scientifiques, entrepreneuriales, pratiques et m\u00e9diatiques.<\/p>\n<p>Le casting, outre des personnes \u00ab\u00a0actrices de solutions\u00a0\u00bb agissant parfois dans l&rsquo;ombre au service du bien commun, de la transformation \u00e9conomique, sociale et \u00e9cologique de la soci\u00e9t\u00e9, comporte une s\u00e9rie de personnalit\u00e9s &#8211; actrices, philosophes, journalistes, pianiste&#8230; \u00e0 d\u00e9couvrir dans les jours et semaines qui viennent.<\/p>\n<p><a href=\"http:\/\/www.reportersdespoirs.org\" target=\"_blank\">&gt; Les infos sur le site de Reporters d&rsquo;Espoirs<\/a><\/p>\n<p><a href=\"https:\/\/my.weezevent.com\/fds2021\" target=\"_blank\">&gt; R\u00e9servez votre place pour le 15 d\u00e9cembre \u00e0 18h30<\/a><\/p>\n<p>&nbsp;<\/p>\n","protected":false},"excerpt":{"rendered":"<p>L&rsquo;ONG Reporters d&rsquo;Espoirs a choisi d&rsquo;investir un nouveau lieu -le mythique studio 104 de la Maison de la radio (et aussi, d\u00e9sormais, de la musique) de Radiofrance \u00e0 Paris, pour la 9e \u00e9dition de son \u00e9v\u00e9nement-phare \u00ab\u00a0La France des solutions\u00a0\u00bb. A l&rsquo;initiative de Gilles Vanderpooten, dans le prolongement de ses travaux avec le design Philippe [&hellip;]<\/p>\n","protected":false},"author":1,"featured_media":8257,"comment_status":"open","ping_status":"open","sticky":false,"template":"","format":"standard","meta":{"_acf_changed":false,"footnotes":""},"categories":[75],"tags":[141,140,143,142],"class_list":["post-8333","post","type-post","status-publish","format-standard","has-post-thumbnail","hentry","category-rendez-vous","tag-creative","tag-creativite","tag-cynthia-fleury","tag-starck"],"acf":[],"_links":{"self":[{"href":"https:\/\/vivelaterre.com\/livres2026\/wp-json\/wp\/v2\/posts\/8333","targetHints":{"allow":["GET"]}}],"collection":[{"href":"https:\/\/vivelaterre.com\/livres2026\/wp-json\/wp\/v2\/posts"}],"about":[{"href":"https:\/\/vivelaterre.com\/livres2026\/wp-json\/wp\/v2\/types\/post"}],"author":[{"embeddable":true,"href":"https:\/\/vivelaterre.com\/livres2026\/wp-json\/wp\/v2\/users\/1"}],"replies":[{"embeddable":true,"href":"https:\/\/vivelaterre.com\/livres2026\/wp-json\/wp\/v2\/comments?post=8333"}],"version-history":[{"count":2,"href":"https:\/\/vivelaterre.com\/livres2026\/wp-json\/wp\/v2\/posts\/8333\/revisions"}],"predecessor-version":[{"id":8335,"href":"https:\/\/vivelaterre.com\/livres2026\/wp-json\/wp\/v2\/posts\/8333\/revisions\/8335"}],"wp:featuredmedia":[{"embeddable":true,"href":"https:\/\/vivelaterre.com\/livres2026\/wp-json\/wp\/v2\/media\/8257"}],"wp:attachment":[{"href":"https:\/\/vivelaterre.com\/livres2026\/wp-json\/wp\/v2\/media?parent=8333"}],"wp:term":[{"taxonomy":"category","embeddable":true,"href":"https:\/\/vivelaterre.com\/livres2026\/wp-json\/wp\/v2\/categories?post=8333"},{"taxonomy":"post_tag","embeddable":true,"href":"https:\/\/vivelaterre.com\/livres2026\/wp-json\/wp\/v2\/tags?post=8333"}],"curies":[{"name":"wp","href":"https:\/\/api.w.org\/{rel}","templated":true}]}}