{"id":8377,"date":"2022-12-28T00:34:28","date_gmt":"2022-12-27T23:34:28","guid":{"rendered":"http:\/\/vivelaterre.com\/livres2026\/?p=8377"},"modified":"2022-12-28T00:34:28","modified_gmt":"2022-12-27T23:34:28","slug":"hessel-sciencespo","status":"publish","type":"post","link":"https:\/\/vivelaterre.com\/livres2026\/2022\/12\/hessel-sciencespo\/","title":{"rendered":"17 janvier 2023 : Ev\u00e9nement-hommage \u00e0 St\u00e9phane Hessel, Sciences Po Paris"},"content":{"rendered":"<h2>\u201cS\u2019indigner ou agir\u00a0\u00bb<br \/>\n10 ans apr\u00e8s la disparition de St\u00e9phane Hessel, quelle actualit\u00e9 pour l\u2019engagement ?<\/h2>\n<section data-testid=\"simplified-organizer-info\">\n<h3 data-testid=\"organizer-info-details\"><strong>Date<\/strong><\/h3>\n<div data-testid=\"organizer-info-details\">mar. 17 janvier 2023,\u00a018:30 \u2013 21:00<\/div>\n<\/section>\n<section>\n<section>\n<div>\n<h3 id=\"location-heading\">Lieu<\/h3>\n<\/div>\n<p>Sciences Po\u00a027 Rue Saint-Guillaume Amphith\u00e9\u00e2tre J Chapsal 75007 Paris<\/p>\n<h3>Inscription gratuite en cliquant ici :\u00a0<a href=\"https:\/\/www.eventbrite.fr\/e\/billets-sindigner-ou-agir-487582952737 \" target=\"_blank\">https:\/\/www.eventbrite.fr\/e\/billets-sindigner-ou-agir-487582952737\u00a0<\/a><\/h3>\n<h3><strong>Pr\u00e9sentation<\/strong><\/h3>\n<p>2023 marque la 10e ann\u00e9e de la disparition de St\u00e9phane Hessel, dont le manifeste \u00ab\u00a0Indignez-vous !\u201d, diffus\u00e9 \u00e0 4,5 millions d\u2019exemplaires, a suscit\u00e9 un int\u00e9r\u00eat incroyable, inattendu, quasi-inexpliqu\u00e9. L\u2019indignation est alors devenue un cri de ralliement en Europe et au-del\u00e0.<\/p>\n<p>Mais elle ne suffit pas, affirmait celui pour qui \u00ab\u00a0Engagez-vous !\u00a0\u00bb devait \u00eatre le mot d\u2019ordre d\u2019une jeunesse agissant pour la solidarit\u00e9 et l\u2019\u00e9cologie.<\/p>\n<p>L\u2019engagement, c\u2019est pr\u00e9cis\u00e9ment ce qui a guid\u00e9 la vie de St\u00e9phane Hessel sur pr\u00e8s d\u2019un si\u00e8cle : R\u00e9sistance et survie aux camps de concentration ; participation au moment-cl\u00e9 de l\u2019\u00e9laboration de la D\u00e9claration universelle des droits de l\u2019Homme ; engagement dans la diplomatie ; d\u00e9fense des \u00ab sans \u00bb papiers, logis, sans grades, etc. ; transmission jusqu\u2019au dernier souffle. Ce qui le passionnait, c\u2019\u00e9tait l\u2019avenir, les jeunes qu\u2019il incitait \u00e0 agir, \u00e0 cultiver le dialogue et l\u2019ouverture, \u00e0 croire en leur capacit\u00e9 \u00e0 changer le cours des choses.<\/p>\n<p><strong>O\u00f9 sont pass\u00e9es les figures de r\u00e9f\u00e9rence en mesure d\u2019inspirer et de mobiliser ? Au-del\u00e0 des postures et pol\u00e9miques, qu\u2019en est-il de l\u2019engagement ? Qui sont celles et ceux qui entreprennent des actions concr\u00e8tes et efficaces ?<\/strong><\/p>\n<p>Sciences Po et Reporters d\u2019Espoirs vous convient \u00e0 une conf\u00e9rence-d\u00e9bat avec des personnes qui ont c\u00f4toy\u00e9 St\u00e9phane Hessel, ou qui s\u2019engagent \u00e0 leur mani\u00e8re dans leur zone d\u2019influence.<\/p>\n<p dir=\"ltr\"><strong>Avec\u00a0<\/strong><\/p>\n<ul>\n<li dir=\"ltr\">\n<p dir=\"ltr\" role=\"presentation\"><strong>Christiane Hessel, \u00e9pouse de St\u00e9phane Hessel<\/strong><\/p>\n<\/li>\n<li dir=\"ltr\">\n<p dir=\"ltr\" role=\"presentation\"><strong>Claude Alphand\u00e9ry, R\u00e9sistant, activiste de l\u2019\u00e9conomie sociale et solidaire<\/strong><\/p>\n<\/li>\n<li dir=\"ltr\">\n<p dir=\"ltr\" role=\"presentation\"><strong>Flore Vasseur, auteure, r\u00e9alisatrice (Bigger than us)<\/strong><\/p>\n<\/li>\n<li dir=\"ltr\">\n<p dir=\"ltr\" role=\"presentation\"><strong>Fran\u00e7ois Saltiel, journaliste \u00e0 France Culture, auteur (Le vendeur de th\u00e9 qui changea le monde avec un hashtag)<\/strong><\/p>\n<\/li>\n<li dir=\"ltr\">\n<p dir=\"ltr\" role=\"presentation\"><strong>Pia Benguigui, \u00e9tudiante engag\u00e9e<\/strong><\/p>\n<\/li>\n<li dir=\"ltr\">\n<p dir=\"ltr\" role=\"presentation\"><strong>Cyril Mokaiesh, chanteur, compositeur<\/strong><\/p>\n<\/li>\n<\/ul>\n<\/section>\n<\/section>\n","protected":false},"excerpt":{"rendered":"<p>\u201cS\u2019indigner ou agir\u00a0\u00bb 10 ans apr\u00e8s la disparition de St\u00e9phane Hessel, quelle actualit\u00e9 pour l\u2019engagement ? Date mar. 17 janvier 2023,\u00a018:30 \u2013 21:00 Lieu Sciences Po\u00a027 Rue Saint-Guillaume Amphith\u00e9\u00e2tre J Chapsal 75007 Paris Inscription gratuite en cliquant ici :\u00a0https:\/\/www.eventbrite.fr\/e\/billets-sindigner-ou-agir-487582952737\u00a0 Pr\u00e9sentation 2023 marque la 10e ann\u00e9e de la disparition de St\u00e9phane Hessel, dont le manifeste \u00ab\u00a0Indignez-vous [&hellip;]<\/p>\n","protected":false},"author":1,"featured_media":8375,"comment_status":"open","ping_status":"open","sticky":false,"template":"","format":"standard","meta":{"_acf_changed":false,"footnotes":""},"categories":[77,75,78],"tags":[144,113,114,149,145,88,146,147,89,148,151,152,150,123,86],"class_list":["post-8377","post","type-post","status-publish","format-standard","has-post-thumbnail","hentry","category-hommage","category-rendez-vous","category-stephane-hessel","tag-10-ans","tag-christiane-hessel","tag-claude-alphandery","tag-cyril-mokaiesh","tag-disparition","tag-engagez-vous","tag-flore-vasseur","tag-francois-saltiel","tag-indignez-vous","tag-pia-benguigui","tag-sciences-po","tag-sciencespo","tag-scpo","tag-stephane-hessel-2","tag-vanderpooten"],"acf":[],"_links":{"self":[{"href":"https:\/\/vivelaterre.com\/livres2026\/wp-json\/wp\/v2\/posts\/8377","targetHints":{"allow":["GET"]}}],"collection":[{"href":"https:\/\/vivelaterre.com\/livres2026\/wp-json\/wp\/v2\/posts"}],"about":[{"href":"https:\/\/vivelaterre.com\/livres2026\/wp-json\/wp\/v2\/types\/post"}],"author":[{"embeddable":true,"href":"https:\/\/vivelaterre.com\/livres2026\/wp-json\/wp\/v2\/users\/1"}],"replies":[{"embeddable":true,"href":"https:\/\/vivelaterre.com\/livres2026\/wp-json\/wp\/v2\/comments?post=8377"}],"version-history":[{"count":2,"href":"https:\/\/vivelaterre.com\/livres2026\/wp-json\/wp\/v2\/posts\/8377\/revisions"}],"predecessor-version":[{"id":8379,"href":"https:\/\/vivelaterre.com\/livres2026\/wp-json\/wp\/v2\/posts\/8377\/revisions\/8379"}],"wp:featuredmedia":[{"embeddable":true,"href":"https:\/\/vivelaterre.com\/livres2026\/wp-json\/wp\/v2\/media\/8375"}],"wp:attachment":[{"href":"https:\/\/vivelaterre.com\/livres2026\/wp-json\/wp\/v2\/media?parent=8377"}],"wp:term":[{"taxonomy":"category","embeddable":true,"href":"https:\/\/vivelaterre.com\/livres2026\/wp-json\/wp\/v2\/categories?post=8377"},{"taxonomy":"post_tag","embeddable":true,"href":"https:\/\/vivelaterre.com\/livres2026\/wp-json\/wp\/v2\/tags?post=8377"}],"curies":[{"name":"wp","href":"https:\/\/api.w.org\/{rel}","templated":true}]}}