{"id":8389,"date":"2023-08-10T15:52:23","date_gmt":"2023-08-10T13:52:23","guid":{"rendered":"http:\/\/vivelaterre.com\/livres2026\/?p=8389"},"modified":"2023-08-10T16:14:55","modified_gmt":"2023-08-10T14:14:55","slug":"rdv-histoire-blois","status":"publish","type":"post","link":"https:\/\/vivelaterre.com\/livres2026\/2023\/08\/rdv-histoire-blois\/","title":{"rendered":"6 octobre 2023, 16h30, Rendez-vous de l&rsquo;histoire de Blois : \u00ab\u00a0O\u00f9 sont nos nouveaux h\u00e9ros ?\u00a0\u00bb"},"content":{"rendered":"<p>A l&rsquo;occasion des 10 ans de sa disparition, nous rendons hommage \u00e0 St\u00e9phane Hessel aux 26e Rendez-vous de l&rsquo;histoire de Blois, dont l&rsquo;\u00e9dition 2023 porte sur le th\u00e8me \u00ab\u00a0Les vivants et les morts\u00a0\u00bb. L&rsquo;occasion de revenir sur la m\u00e9moire du c\u00e9l\u00e8bre R\u00e9sistant, Ambassadeur et \u00e9crivain, de s&rsquo;interroger sur l&rsquo;actualit\u00e9 de son message et de ses engagements, et au-del\u00e0, de s&rsquo;interroger sur la place des figures de l&rsquo;engagement en 2023.<\/p>\n<h2><b>\u00ab\u00a010 ans apr\u00e8s St\u00e9phane Hessel, o\u00f9 sont nos nouveaux h\u00e9ros ?\u00a0\u00bb <\/b>*<\/h2>\n<h2><b>Vendredi 6 octobre 2023 de 16h30 \u00e0 18h00<br \/>\n<\/b>au Palais de Justice de Blois, salle du tribunal correctionnel.<\/h2>\n<p>2023 marque la 10<sup>e<\/sup> ann\u00e9e de la disparition de St\u00e9phane Hessel (et le 105<sup>e<\/sup> anniversaire de sa naissance en ce mois d\u2019octobre). Son manifeste \u00ab\u00a0Indignez-vous\u00a0!\u201d, diffus\u00e9 \u00e0 4,5 millions d\u2019exemplaires, a suscit\u00e9 un int\u00e9r\u00eat incroyable, inattendu, quasi-inexpliqu\u00e9. L\u2019indignation est alors devenue un cri de ralliement en Europe et au-del\u00e0. Mais elle ne suffit pas, affirmait celui pour qui \u00ab\u00a0Engagez-vous\u00a0!\u00a0\u00bb devait \u00eatre le mot d\u2019ordre d\u2019une jeunesse agissant pour la solidarit\u00e9 et l\u2019\u00e9cologie. L\u2019engagement, c\u2019est pr\u00e9cis\u00e9ment ce qui a guid\u00e9 la vie de St\u00e9phane Hessel sur pr\u00e8s d\u2019un si\u00e8cle\u00a0: R\u00e9sistance et survie aux camps de concentration\u00a0; participation au moment-cl\u00e9 de l\u2019\u00e9laboration de la D\u00e9claration universelle des droits de l\u2019Homme\u00a0; engagement dans la diplomatie\u00a0; d\u00e9fense des \u00ab sans \u00bb papiers, logis, sans grades, etc.\u00a0; transmission jusqu\u2019au dernier souffle. Ce qui le passionnait, c\u2019\u00e9tait l\u2019avenir, les jeunes qu\u2019il incitait \u00e0 agir, \u00e0 cultiver le dialogue et l\u2019ouverture, \u00e0 croire en leur capacit\u00e9 \u00e0 changer le cours des choses. Qu\u2019est-ce qui explique le succ\u00e8s\u00a0de cet homme, devenu \u00e0 la fin de sa vie l\u2019\u00e9g\u00e9rie de toute une jeunesse et l\u2019auteur le plus vendu de ces vingt derni\u00e8res ann\u00e9es\u00a0? O\u00f9 sont aujourd\u2019hui les figures de r\u00e9f\u00e9rence en mesure d\u2019inspirer et de mobiliser\u00a0? De quels h\u00e9ros avons-nous besoin\u00a0?<\/p>\n<p><b>Avec <\/b><\/p>\n<ul>\n<li><b>Anne Hessel<\/b>, docteure en m\u00e9decine, activiste, fille de St\u00e9phane Hessel<\/li>\n<li><strong>Laure Adler<\/strong>, \u00e9crivain, journaliste, productrice de radio et t\u00e9l\u00e9vision<\/li>\n<li><b>Gilles Vanderpooten<\/b>, coauteur du livre \u00ab\u00a0Engagez-vous\u00a0!\u00a0\u00bb avec St\u00e9phane Hessel, directeur de l\u2019ONG Reporters d\u2019Espoirs<\/li>\n<\/ul>\n<p><a href=\"https:\/\/rdv-histoire.com\/ \" target=\"_blank\"><strong>&gt; Pour tout savoir sur le programme des RDV de l&rsquo;histoire de Blois cliquez ici<\/strong><\/a><\/p>\n","protected":false},"excerpt":{"rendered":"<p>A l&rsquo;occasion des 10 ans de sa disparition, nous rendons hommage \u00e0 St\u00e9phane Hessel aux 26e Rendez-vous de l&rsquo;histoire de Blois, dont l&rsquo;\u00e9dition 2023 porte sur le th\u00e8me \u00ab\u00a0Les vivants et les morts\u00a0\u00bb. L&rsquo;occasion de revenir sur la m\u00e9moire du c\u00e9l\u00e8bre R\u00e9sistant, Ambassadeur et \u00e9crivain, de s&rsquo;interroger sur l&rsquo;actualit\u00e9 de son message et de ses [&hellip;]<\/p>\n","protected":false},"author":1,"featured_media":8390,"comment_status":"open","ping_status":"open","sticky":false,"template":"","format":"standard","meta":{"_acf_changed":false,"footnotes":""},"categories":[77,1,78],"tags":[154,137,161,127,155,159,158,157,160,156],"class_list":["post-8389","post","type-post","status-publish","format-standard","has-post-thumbnail","hentry","category-hommage","category-news","category-stephane-hessel","tag-anne-hessel","tag-blois","tag-figures-de-lengagement","tag-gilles-vanderpooten","tag-laure-adler","tag-les-morts","tag-les-vivants","tag-michel-pastoureau","tag-nouveaux-heros","tag-rdv-de-lhistoire"],"acf":[],"_links":{"self":[{"href":"https:\/\/vivelaterre.com\/livres2026\/wp-json\/wp\/v2\/posts\/8389","targetHints":{"allow":["GET"]}}],"collection":[{"href":"https:\/\/vivelaterre.com\/livres2026\/wp-json\/wp\/v2\/posts"}],"about":[{"href":"https:\/\/vivelaterre.com\/livres2026\/wp-json\/wp\/v2\/types\/post"}],"author":[{"embeddable":true,"href":"https:\/\/vivelaterre.com\/livres2026\/wp-json\/wp\/v2\/users\/1"}],"replies":[{"embeddable":true,"href":"https:\/\/vivelaterre.com\/livres2026\/wp-json\/wp\/v2\/comments?post=8389"}],"version-history":[{"count":1,"href":"https:\/\/vivelaterre.com\/livres2026\/wp-json\/wp\/v2\/posts\/8389\/revisions"}],"predecessor-version":[{"id":8391,"href":"https:\/\/vivelaterre.com\/livres2026\/wp-json\/wp\/v2\/posts\/8389\/revisions\/8391"}],"wp:featuredmedia":[{"embeddable":true,"href":"https:\/\/vivelaterre.com\/livres2026\/wp-json\/wp\/v2\/media\/8390"}],"wp:attachment":[{"href":"https:\/\/vivelaterre.com\/livres2026\/wp-json\/wp\/v2\/media?parent=8389"}],"wp:term":[{"taxonomy":"category","embeddable":true,"href":"https:\/\/vivelaterre.com\/livres2026\/wp-json\/wp\/v2\/categories?post=8389"},{"taxonomy":"post_tag","embeddable":true,"href":"https:\/\/vivelaterre.com\/livres2026\/wp-json\/wp\/v2\/tags?post=8389"}],"curies":[{"name":"wp","href":"https:\/\/api.w.org\/{rel}","templated":true}]}}