{"id":8393,"date":"2023-10-14T11:34:32","date_gmt":"2023-10-14T09:34:32","guid":{"rendered":"http:\/\/vivelaterre.com\/livres2026\/?p=8393"},"modified":"2023-10-14T11:36:55","modified_gmt":"2023-10-14T09:36:55","slug":"bruxelles-hommage-stephane-hessel","status":"publish","type":"post","link":"https:\/\/vivelaterre.com\/livres2026\/2023\/10\/bruxelles-hommage-stephane-hessel\/","title":{"rendered":"20.10.2023 Bruxelles : Hommage \u00e0 St\u00e9phane Hessel"},"content":{"rendered":"<div><b>Vendredi 20 octobre, nous rendrons hommage \u00e0 St\u00e9phane Hessel,\u00a0<\/b>\u00e0 l&rsquo;occasion d&rsquo;un \u00e9v\u00e9nement qui d\u00e9butera\u00a0\u00e0 17h\u00a0au\u00a0<b>Palais des Acad\u00e9mie de Bruxelles<\/b>,\u00a01 rue Ducale.<\/div>\n<div dir=\"ltr\">\n<p>10 ans apr\u00e8s sa disparition, nous c\u00e9l\u00e9brerons sa m\u00e9moire -en\u00a0<b>discussions, chansons, vid\u00e9os et th\u00e9\u00e2tre, et autour d&rsquo;un cocktail<\/b>-, aux c\u00f4t\u00e9s de ses amis belges dont Elio di Rupo, Pierre Galand, V\u00e9ronique Dekeyser, son \u00e9pouse Christiane Hessel, le chanteur HK, de jeunes engag\u00e9s, etc.<\/p>\n<p>St\u00e9phane Hessel, R\u00e9sistant, rescap\u00e9 des camps de concentration, contributeur de l\u2019\u00e9laboration de la D\u00e9claration universelle des droits de l\u2019Homme, d\u00e9fenseur des \u00ab sans \u00bb papiers, logis, grades, Ambassadeur de France, auteur du manifeste\u00a0<b>\u00ab\u00a0Indignez-vous\u00a0!\u00a0\u00bb<\/b>\u00a0diffus\u00e9 \u00e0 4,5 millions d\u2019exemplaires. Son livre, le plus vendu de ces quinze derni\u00e8res ann\u00e9es -devant Ast\u00e9rix et Harry Potter\u00a0!- a suscit\u00e9 un int\u00e9r\u00eat incroyable, inattendu, quasi-inexpliqu\u00e9. L\u2019indignation est alors devenue un cri de ralliement en Europe et au-del\u00e0. Mais elle ne suffit pas, affirmait celui pour qui\u00a0<b>\u00ab Engagez-vous ! \u00bb<\/b>\u00a0devait \u00eatre le mot d\u2019ordre d\u2019une jeunesse agissant pour la solidarit\u00e9 et l\u2019\u00e9cologie.<\/p>\n<p><b>AU PROGRAMME\u00a0:<\/b><\/p>\n<p><b>17h00<\/b>\u00a0Accueil et intervention musicale de Kaddour Hadadi, chanteur, rappeur et romancier fran\u00e7ais. Il chantera \u00ab\u00a0 Indignez-vous\u00a0!\u00a0\u00bb<\/p>\n<p>Introduction par Pierre Galand, pr\u00e9sident du Forum pour un Contrat de g\u00e9n\u00e9ration Nord-Sud<\/p>\n<p>Message de la Ministre de l\u2019\u00e9ducation, Caroline D\u00e9sir.<\/p>\n<p><b>\u00a0<\/b><\/p>\n<p><b>18h00 Acte I\u00a0:<\/b><\/p>\n<p>Projection d\u2019un extrait du film \u00ab\u00a0Le diplomate\u00a0\u00bb.<\/p>\n<p>Table ronde avec des jeunes engag\u00e9s, entourant Christiane Hessel.<\/p>\n<p>Animation\u00a0: David Lallemand<\/p>\n<p><b>\u00a0<\/b><\/p>\n<p><b>18h45 Interpellations surprises\u00a0<\/b>du chanteur et musicien Mousta Largo et du com\u00e9dien Pietro Pizzuti.<\/p>\n<p><b>Remise des prix<\/b>\u00a0par Mme Christiane Hessel aux jeunes laur\u00e9ats.<\/p>\n<p>Prestations musicales par la jeune chanteuse de rue chilienne Babela.<\/p>\n<p><b>\u00a0<\/b><\/p>\n<p><b>19h15 Acte II\u00a0:<\/b><\/p>\n<p>Table ronde\u00a0: \u00ab\u00a0R\u00e9ponses aux jeunes et propositions d\u2019actions politiques\u00a0\u00bb.<\/p>\n<p>Animation par Olivier Plasman en pr\u00e9sence de\u00a0:<\/p>\n<p>&#8211; V\u00e9ronique Dekeyser, pr\u00e9sidente du Centre d\u2019Action La\u00efque.<\/p>\n<p>&#8211; Fran\u00e7oise Tulkens, pr\u00e9sidente de l\u2019Association pour les Nations Unies.<\/p>\n<p>&#8211; Alexis Deswaef, vice-pr\u00e9sident de la F\u00e9d\u00e9ration Internationale pour les Droits Humains.<\/p>\n<p>&#8211; Riccardo Petrella, pr\u00e9sident de l\u2019Agora des Habitants de la Terre.<\/p>\n<p>Prestation chor\u00e9graphique par Gonzalo Rojas et Florencia<\/p>\n<p><b>\u00a0<\/b><\/p>\n<p><b>20h00 Acte III\u00a0:<\/b><\/p>\n<p>Lancement de la campagne r\u00e9alis\u00e9e par la Compagnie R\u00eavages\u00a0: \u00ab\u00a0All Right\u2019s\u00a0\u00bb, pr\u00e9sent\u00e9e par Sarah Lecarpentier, petite fille de St\u00e9phane Hessel.<\/p>\n<p><b>\u00a0<\/b><\/p>\n<p><b>20h30 Cl\u00f4ture, drink et ambiance autour d\u2019un piano.<\/b><\/p>\n<p><b>Lieu<\/b>\u00a0: Palais des Acad\u00e9mies, salle Albert II, rue Ducale 1, 1000\u00a0Bruxelles<\/p>\n<p><b>Date<\/b>\u00a0: vendredi\u00a020\u00a0octobre\u00a02023 de 17h \u00e0 20h30<\/p>\n<\/div>\n","protected":false},"excerpt":{"rendered":"<p>Vendredi 20 octobre, nous rendrons hommage \u00e0 St\u00e9phane Hessel,\u00a0\u00e0 l&rsquo;occasion d&rsquo;un \u00e9v\u00e9nement qui d\u00e9butera\u00a0\u00e0 17h\u00a0au\u00a0Palais des Acad\u00e9mie de Bruxelles,\u00a01 rue Ducale. 10 ans apr\u00e8s sa disparition, nous c\u00e9l\u00e9brerons sa m\u00e9moire -en\u00a0discussions, chansons, vid\u00e9os et th\u00e9\u00e2tre, et autour d&rsquo;un cocktail-, aux c\u00f4t\u00e9s de ses amis belges dont Elio di Rupo, Pierre Galand, V\u00e9ronique Dekeyser, son \u00e9pouse [&hellip;]<\/p>\n","protected":false},"author":1,"featured_media":8395,"comment_status":"open","ping_status":"open","sticky":false,"template":"","format":"standard","meta":{"_acf_changed":false,"footnotes":""},"categories":[1],"tags":[162,113,163,168,169,166,173,172,165,170,171,174,123,167,164],"class_list":["post-8393","post","type-post","status-publish","format-standard","has-post-thumbnail","hentry","category-news","tag-bruxelles","tag-christiane-hessel","tag-elio-di-rupo","tag-heroe","tag-heros","tag-hommage-2","tag-kaddour-hadadi","tag-nord-sud","tag-pascal-lemaitre","tag-petrella","tag-pierre-galand","tag-sarah-lecarpentier","tag-stephane-hessel-2","tag-tribute","tag-veronique-dekeyser"],"acf":[],"_links":{"self":[{"href":"https:\/\/vivelaterre.com\/livres2026\/wp-json\/wp\/v2\/posts\/8393","targetHints":{"allow":["GET"]}}],"collection":[{"href":"https:\/\/vivelaterre.com\/livres2026\/wp-json\/wp\/v2\/posts"}],"about":[{"href":"https:\/\/vivelaterre.com\/livres2026\/wp-json\/wp\/v2\/types\/post"}],"author":[{"embeddable":true,"href":"https:\/\/vivelaterre.com\/livres2026\/wp-json\/wp\/v2\/users\/1"}],"replies":[{"embeddable":true,"href":"https:\/\/vivelaterre.com\/livres2026\/wp-json\/wp\/v2\/comments?post=8393"}],"version-history":[{"count":1,"href":"https:\/\/vivelaterre.com\/livres2026\/wp-json\/wp\/v2\/posts\/8393\/revisions"}],"predecessor-version":[{"id":8394,"href":"https:\/\/vivelaterre.com\/livres2026\/wp-json\/wp\/v2\/posts\/8393\/revisions\/8394"}],"wp:featuredmedia":[{"embeddable":true,"href":"https:\/\/vivelaterre.com\/livres2026\/wp-json\/wp\/v2\/media\/8395"}],"wp:attachment":[{"href":"https:\/\/vivelaterre.com\/livres2026\/wp-json\/wp\/v2\/media?parent=8393"}],"wp:term":[{"taxonomy":"category","embeddable":true,"href":"https:\/\/vivelaterre.com\/livres2026\/wp-json\/wp\/v2\/categories?post=8393"},{"taxonomy":"post_tag","embeddable":true,"href":"https:\/\/vivelaterre.com\/livres2026\/wp-json\/wp\/v2\/tags?post=8393"}],"curies":[{"name":"wp","href":"https:\/\/api.w.org\/{rel}","templated":true}]}}