{"id":84,"date":"2013-11-03T08:00:54","date_gmt":"2013-11-03T07:00:54","guid":{"rendered":"http:\/\/engagezvous.com\/site\/?p=84"},"modified":"2013-12-29T15:15:10","modified_gmt":"2013-12-29T14:15:10","slug":"trouville-inauguration-de-la-maison-des-associations-stephane-hessel","status":"publish","type":"post","link":"https:\/\/vivelaterre.com\/livres2026\/2013\/11\/trouville-inauguration-de-la-maison-des-associations-stephane-hessel\/","title":{"rendered":"Trouville : Inauguration de la Maison des associations St\u00e9phane Hessel"},"content":{"rendered":"<p><strong>St\u00e9phane Hessel, d\u00e9c\u00e9d\u00e9 le 27 f\u00e9vrier 2013, \u00e9tait un amoureux de ce \u00ab village de p\u00eacheurs \u00bb. La municipalit\u00e9 lui a rendu hommage, en rebaptisant la Maison des associations \u00e0 son nom le dimanche 3 novembre 2013.<\/strong><\/p>\n<p>Sa veuve, Christiane Hessel, avait fait le d\u00e9placement depuis la capitale. <b>\u00ab D&rsquo;autres villes ont donn\u00e9 le nom de St\u00e9phane Hessel \u00e0 des lieux. Par exemple, un splendide parvis a \u00e9t\u00e9 inaugur\u00e9 \u00e0 Paris, une belle place \u00e0 Montpellier<\/b>&#8230;<b> Mais Trouville-sur-Mer a une place \u00e0 part<\/b>, a-t-elle confi\u00e9. <b>Nous avons habit\u00e9 ici pendant vingt ans. Pour nous, c&rsquo;\u00e9tait la maison du bonheur<\/b> <b>! Un refuge, un lieu de retrait, de ressourcement. De mai \u00e0 octobre, il allait se baigner dans la mer. \u00bb <\/b>Et de poursuivre : <b>\u00ab <\/b><b>Trouville-sur-Mer a su rester un \u00ab village de p\u00eacheurs \u00bb<\/b> <b>: la ville est devenue attractive pour les touristes, sans avoir perdu son caract\u00e8re. \u00bb<\/b><\/p>\n<p><b>\u00ab On croisait St\u00e9phane Hessel dans la rue, aux terrasses des caf\u00e9s, \u00e0 la table de son restaurant pr\u00e9f\u00e9r\u00e9. Il participait \u00e0 beaucoup de manifestations culturelles, comme le salon du livre. Il intervenait dans les \u00e9coles \u00bb, <\/b>s&rsquo;est souvenu Christian Cardon, maire de Trouville-sur-Mer. Son nom convient bien \u00e0 la Maison des associations, <b>\u00ab qui a une place importante et non contest\u00e9e dans la vie de la commune \u00bb<\/b>, a-t-il insist\u00e9. [&#8230;]\n<p><a href=\"http:\/\/www.trouville-deauville.maville.com\/actu\/actudet_-stephane-hessel-grave-dans-la-brique-de-trouville_52659-2425229_actu.Htm\">&gt; L&rsquo;article int\u00e9gral de <\/a><cite><a href=\"http:\/\/www.trouville-deauville.maville.com\/actu\/actudet_-stephane-hessel-grave-dans-la-brique-de-trouville_52659-2425229_actu.Htm\">Boris MARCHAL, Ouest-France <\/a><br \/>\n<\/cite><\/p>\n<p><span style=\"text-decoration: underline;\"><strong>Le programme de la journ\u00e9e :<\/strong><\/span><\/p>\n<h5 data-ft=\"{&quot;type&quot;:1,&quot;tn&quot;:&quot;K&quot;}\">Hommage \u00e0 St\u00e9phane Hessel<br \/>\nDimanche 3 novembre<br \/>\nEn hommage \u00e0 St\u00e9phane Hessel, c\u00e9l\u00e8bre \u00e9crivain, diplomate et homme engag\u00e9 r\u00e9sident de longue date \u00e0 Trouville, d\u00e9c\u00e9d\u00e9 le 27 f\u00e9vrier 2013, la Maison des Association portera dor\u00e9navant son nom, suite \u00e0 la pose d\u2019une plaque comm\u00e9morative.<br \/>\nLa journ\u00e9e du 3 novembre lui sera consacr\u00e9e, avec un discours du maire.<br \/>\n10h accueil \u00e0 la Maison des Associations<br \/>\n10h30 discours de Mr le Maire et de Mme Hessel et d\u00e9voilement nouveau panneau de la Maison des Associations<br \/>\n10h45 t\u00e9moignages avec Ren\u00e9 Pass\u00e9, Bernard Miyet, anim\u00e9s par Gilles<br \/>\nVanderpooten<br \/>\n11h30 enregistrement voix de St\u00e9phane Hessel r\u00e9citant une po\u00e9sie<br \/>\n11h45 projection de courts films r\u00e9alis\u00e9s et pr\u00e9sent\u00e9s par Sacha Goldman<br \/>\n12h45 fin de l&rsquo;hommage<\/h5>\n","protected":false},"excerpt":{"rendered":"<p>St\u00e9phane Hessel, d\u00e9c\u00e9d\u00e9 le 27 f\u00e9vrier 2013, \u00e9tait un amoureux de ce \u00ab village de p\u00eacheurs \u00bb. La municipalit\u00e9 lui a rendu hommage, en rebaptisant la Maison des associations \u00e0 son nom le dimanche 3 novembre 2013. Sa veuve, Christiane Hessel, avait fait le d\u00e9placement depuis la capitale. \u00ab D&rsquo;autres villes ont donn\u00e9 le nom [&hellip;]<\/p>\n","protected":false},"author":1,"featured_media":0,"comment_status":"open","ping_status":"open","sticky":false,"template":"","format":"standard","meta":{"_acf_changed":false,"footnotes":""},"categories":[75,78],"tags":[],"class_list":["post-84","post","type-post","status-publish","format-standard","hentry","category-rendez-vous","category-stephane-hessel"],"acf":[],"_links":{"self":[{"href":"https:\/\/vivelaterre.com\/livres2026\/wp-json\/wp\/v2\/posts\/84","targetHints":{"allow":["GET"]}}],"collection":[{"href":"https:\/\/vivelaterre.com\/livres2026\/wp-json\/wp\/v2\/posts"}],"about":[{"href":"https:\/\/vivelaterre.com\/livres2026\/wp-json\/wp\/v2\/types\/post"}],"author":[{"embeddable":true,"href":"https:\/\/vivelaterre.com\/livres2026\/wp-json\/wp\/v2\/users\/1"}],"replies":[{"embeddable":true,"href":"https:\/\/vivelaterre.com\/livres2026\/wp-json\/wp\/v2\/comments?post=84"}],"version-history":[{"count":1,"href":"https:\/\/vivelaterre.com\/livres2026\/wp-json\/wp\/v2\/posts\/84\/revisions"}],"predecessor-version":[{"id":7301,"href":"https:\/\/vivelaterre.com\/livres2026\/wp-json\/wp\/v2\/posts\/84\/revisions\/7301"}],"wp:attachment":[{"href":"https:\/\/vivelaterre.com\/livres2026\/wp-json\/wp\/v2\/media?parent=84"}],"wp:term":[{"taxonomy":"category","embeddable":true,"href":"https:\/\/vivelaterre.com\/livres2026\/wp-json\/wp\/v2\/categories?post=84"},{"taxonomy":"post_tag","embeddable":true,"href":"https:\/\/vivelaterre.com\/livres2026\/wp-json\/wp\/v2\/tags?post=84"}],"curies":[{"name":"wp","href":"https:\/\/api.w.org\/{rel}","templated":true}]}}