{"id":8493,"date":"2024-11-17T00:16:17","date_gmt":"2024-11-16T23:16:17","guid":{"rendered":"https:\/\/vivelaterre.com\/livres2026\/?p=8493"},"modified":"2024-11-17T00:18:17","modified_gmt":"2024-11-16T23:18:17","slug":"la-nouvelle-edition-illustree-du-livre-engagez-vous-est-disponible","status":"publish","type":"post","link":"https:\/\/vivelaterre.com\/livres2026\/2024\/11\/la-nouvelle-edition-illustree-du-livre-engagez-vous-est-disponible\/","title":{"rendered":"La nouvelle \u00e9dition illustr\u00e9e du livre \u00ab\u00a0Engagez-vous !\u00a0\u00bb est disponible"},"content":{"rendered":"\n<p>Gilles Vanderpooten, coauteur du livre avec St\u00e9phane Hessel, s&rsquo;associe \u00e0 Christiane Hessel, \u00e9pouse du c\u00e9l\u00e8bre diplomate, et \u00e0 Pascal Lemaitre, illustrateur pour notamment The New Yorker, Le Soir et La Croix et auteur de nombreux ouvrages, dans une nouvelle \u00e9dition d&rsquo;Engagez-vous !<\/p>\n\n\n\n<p> <\/p>\n","protected":false},"excerpt":{"rendered":"<p>Gilles Vanderpooten, coauteur du livre avec St\u00e9phane Hessel, s&rsquo;associe \u00e0 Christiane Hessel, \u00e9pouse du c\u00e9l\u00e8bre diplomate, et \u00e0 Pascal Lemaitre, illustrateur pour notamment The New Yorker, Le Soir et La Croix et auteur de nombreux ouvrages, dans une nouvelle \u00e9dition d&rsquo;Engagez-vous !<\/p>\n","protected":false},"author":1,"featured_media":0,"comment_status":"closed","ping_status":"open","sticky":false,"template":"","format":"standard","meta":{"_acf_changed":false,"footnotes":""},"categories":[1],"tags":[203,113,88,165],"class_list":["post-8493","post","type-post","status-publish","format-standard","hentry","category-news","tag-best-seller","tag-christiane-hessel","tag-engagez-vous","tag-pascal-lemaitre"],"acf":[],"_links":{"self":[{"href":"https:\/\/vivelaterre.com\/livres2026\/wp-json\/wp\/v2\/posts\/8493","targetHints":{"allow":["GET"]}}],"collection":[{"href":"https:\/\/vivelaterre.com\/livres2026\/wp-json\/wp\/v2\/posts"}],"about":[{"href":"https:\/\/vivelaterre.com\/livres2026\/wp-json\/wp\/v2\/types\/post"}],"author":[{"embeddable":true,"href":"https:\/\/vivelaterre.com\/livres2026\/wp-json\/wp\/v2\/users\/1"}],"replies":[{"embeddable":true,"href":"https:\/\/vivelaterre.com\/livres2026\/wp-json\/wp\/v2\/comments?post=8493"}],"version-history":[{"count":4,"href":"https:\/\/vivelaterre.com\/livres2026\/wp-json\/wp\/v2\/posts\/8493\/revisions"}],"predecessor-version":[{"id":8498,"href":"https:\/\/vivelaterre.com\/livres2026\/wp-json\/wp\/v2\/posts\/8493\/revisions\/8498"}],"wp:attachment":[{"href":"https:\/\/vivelaterre.com\/livres2026\/wp-json\/wp\/v2\/media?parent=8493"}],"wp:term":[{"taxonomy":"category","embeddable":true,"href":"https:\/\/vivelaterre.com\/livres2026\/wp-json\/wp\/v2\/categories?post=8493"},{"taxonomy":"post_tag","embeddable":true,"href":"https:\/\/vivelaterre.com\/livres2026\/wp-json\/wp\/v2\/tags?post=8493"}],"curies":[{"name":"wp","href":"https:\/\/api.w.org\/{rel}","templated":true}]}}