{"id":8506,"date":"2024-12-15T15:58:48","date_gmt":"2024-12-15T14:58:48","guid":{"rendered":"https:\/\/vivelaterre.com\/livres2026\/?p=8506"},"modified":"2024-12-15T15:58:48","modified_gmt":"2024-12-15T14:58:48","slug":"15-12-2024-deces-de-christiane-hessel-choisir-le-jour-et-lheure-cest-un-geste-de-liberte","status":"publish","type":"post","link":"https:\/\/vivelaterre.com\/livres2026\/2024\/12\/15-12-2024-deces-de-christiane-hessel-choisir-le-jour-et-lheure-cest-un-geste-de-liberte\/","title":{"rendered":"15.12.2024 : D\u00e9c\u00e8s de Christiane Hessel : \u00ab\u00a0Choisir le jour et l&rsquo;heure, c&rsquo;est un geste de libert\u00e9\u00a0\u00bb"},"content":{"rendered":"\n<p><strong>Ce samedi 14 d\u00e9cembre 2024, Christiane Hessel-Chabry, veuve de St\u00e9phane Hessel, a d\u00e9cid\u00e9 de quitter ce monde.&nbsp;Elle a opt\u00e9 pour l&rsquo;euthanasie, en Belgique, \u00ab\u00a0seul moyen de disparaitre dignement\u00a0\u00bb.&nbsp;Elle s\u2019en explique ci-apr\u00e8s.<\/strong><\/p>\n\n\n\n<figure class=\"wp-block-image\"><img fetchpriority=\"high\" decoding=\"async\" width=\"1024\" height=\"682\" src=\"https:\/\/vivelaterre.com\/livres2026\/wp-content\/uploads\/2013\/05\/Plateau-des-gli\u00e8res-Christiane-Gilles-mai-2013-1024x682.jpg\" alt=\"\" class=\"wp-image-7343\" srcset=\"https:\/\/vivelaterre.com\/livres2026\/wp-content\/uploads\/2013\/05\/Plateau-des-gli\u00e8res-Christiane-Gilles-mai-2013-1024x682.jpg 1024w, https:\/\/vivelaterre.com\/livres2026\/wp-content\/uploads\/2013\/05\/Plateau-des-gli\u00e8res-Christiane-Gilles-mai-2013-1024x682-300x199.jpg 300w, https:\/\/vivelaterre.com\/livres2026\/wp-content\/uploads\/2013\/05\/Plateau-des-gli\u00e8res-Christiane-Gilles-mai-2013-1024x682-600x399.jpg 600w\" sizes=\"(max-width: 1024px) 100vw, 1024px\" \/><\/figure>\n\n\n\n<p>\u00ab&nbsp;Je me suis pos\u00e9 la question&nbsp;: mon geste est-il une trahison \u00e0 l\u2019\u00e9gard de ceux que j\u2019aime et qui m\u2019aiment&nbsp;?<\/p>\n\n\n\n<p>Pour moi, cela repr\u00e9sente un geste de libert\u00e9, de conviction, de s\u00e9r\u00e9nit\u00e9 et de r\u00e9action \u00e0 l\u2019\u00e9gard de la pusillanimit\u00e9 de la France au regard de la mort assist\u00e9e, autoris\u00e9e dans nombre de pays voisins. La soci\u00e9t\u00e9 est en pleine \u00e9volution. On vit aujourd\u2019hui trop vieux et mal, au-del\u00e0 du supportable.<\/p>\n\n\n\n<p>Je me sens l\u2019\u00e2ge de partir, avant d\u2019\u00eatre un poids pour les autres et la soci\u00e9t\u00e9.<\/p>\n\n\n\n<p>C\u2019est un droit de disposer de soi-m\u00eame. Une \u00e9volution positive. Plusieurs pays voisins l\u2019ont compris, dans un esprit de progr\u00e8s et de respect de l\u2019autre. Il s\u2019agit d\u2019une \u00e9volution positive et d\u2019un acte de lib\u00e9ration.<\/p>\n\n\n\n<p>Je remercie la Belgique, qui me permet d\u2019accomplir ce geste et de disposer de ma vie.<\/p>\n\n\n\n<p>Je remercie les m\u00e9decins et amis qui m\u2019accompagnent dans cette qu\u00eate de libert\u00e9.<\/p>\n\n\n\n<p>C\u2019est un geste de v\u00e9ritable amiti\u00e9, de tol\u00e9rance et de conviction.<\/p>\n\n\n\n<p>En France, il existe des militants qui se battent pour qu\u2019enfin la loi \u00e9volue. Il en est grand temps \u2013 et j\u2019esp\u00e8re que cela se fera dans un esprit de tol\u00e9rance et de respect.&nbsp;\u00bb<\/p>\n\n\n\n<p><em>Christiane Hessel<\/em><\/p>\n\n\n\n<p><strong>Biographie<\/strong><\/p>\n\n\n\n<p>Christiane Hessel Chabry, 96 ans, \u00e9tait pr\u00e9sidente d\u2019honneur de l\u2019association EJE (Les Enfants, le Jeu, l\u2019Education), antenne palestinienne de la Voix de l\u2019enfant, pr\u00e9sid\u00e9e par Martine Brousse et dont la porte-parole est Carole Bouquet.<br>Elle a voyag\u00e9 dans les territoires occup\u00e9s de Palestine, et notamment \u00e0 Gaza, avec feu son \u00e9poux St\u00e9phane Hessel, diplomate, Ambassadeur de France, c\u00e9l\u00e8bre pour son livre \u201cIndignez-vous!\u201d traduit dans plus de 40 langues et vendu \u00e0 plus de 4 millions d\u2019exemplaires.&nbsp;<\/p>\n\n\n\n<p>Christiane Hessel est l\u2018auteure, notamment, de \u201cGaza j\u2019\u00e9cris ton nom\u201d (Indig\u00e8nes \u00e9ditions) et de \u201cSt\u00e9phane Hessel, irr\u00e9sistible optimiste\u201d (Editions de L\u2019Aube).&nbsp;<\/p>\n\n\n\n<p><strong>Bibliographie<\/strong><\/p>\n\n\n\n<p>Christiane Hessel est l\u2019autrice, co-autrice et pr\u00e9faci\u00e8re de plusieurs livres&nbsp;:<\/p>\n\n\n\n<p>&#8211; \u00ab&nbsp;Le ghetto dans la for\u00eat : r\u00e9sistance en Lituanie, 1939-1945&nbsp;\u00bb. Anatol Krakowski. Christiane Hessel-Chabry. 13 novembre 2002, Editeur le F\u00e9lin, coll. R\u00e9sistance.<\/p>\n\n\n\n<p>Un t\u00e9moignage sur la r\u00e9pression des juifs de Lituanie durant la Seconde Guerre mondiale et leur r\u00e9sistance, sur le choc de l&rsquo;occupation allemande, puis sur la pr\u00e9sence de l&rsquo;arm\u00e9e sovi\u00e9tique dans le conflit et les impacts du stalinisme.<\/p>\n\n\n\n<p>&#8211; \u00ab&nbsp;Dessine-moi un homme&nbsp;\u00bb. St\u00e9phane Hessel, Pascal Lema\u00eetre, Christiane Hessel-Chabry. Ed. De L\u2019Aube, 2016.<\/p>\n\n\n\n<p>&#8211; \u00ab&nbsp;Gaza, j&rsquo;\u00e9cris ton nom&nbsp;\u00bb. Christiane Hessel-Chabry, Carole Bouquet. Editions Indig\u00e8ne. Coll. Ceux qui marchent contre le vent. 2011.<\/p>\n\n\n\n<p>&#8211; \u00ab&nbsp;St\u00e9phane Hessel, irr\u00e9sistible optimiste&nbsp;\u00bb. Christiane Hessel-Chabry, Gilles Vanderpooten, collectif. Editions de l\u2019Aube. 2013.<\/p>\n\n\n\n<p>&#8211; \u00ab&nbsp;Gens de gaza. Vivre dans l\u2019enfermement&nbsp;\u00bb T\u00e9moignages 2011 \u2013 2016. Pr\u00e9face de Christiane Hessel. + DVD multilingue. Riveneuve Editions. Paris. 2017.<\/p>\n\n\n\n<p>&#8211; \u00ab&nbsp;Engagez-vous ! \u00bb. St\u00e9phane Hessel. Entretiens avec Gilles Vanderpooten. Pr\u00e9face de Christiane Hessel. Illustr\u00e9 par Pascal Lema\u00eetre. Ed. De L\u2019Aube. 2023.<\/p>\n\n\n\n<p>&#8211; \u00ab&nbsp;Le d\u00e9sespoir voil\u00e9, femmes et f\u00e9ministes en Palestine&nbsp;\u00bb. Norma Marcos, Christiane Hessel-Chabry. Editeur Riveneuve. Cat\u00e9gorie Essais\/Femmes. Juillet 2023.<\/p>\n","protected":false},"excerpt":{"rendered":"<p>Ce samedi 14 d\u00e9cembre 2024, Christiane Hessel-Chabry, veuve de St\u00e9phane Hessel, a d\u00e9cid\u00e9 de quitter ce monde.&nbsp;Elle a opt\u00e9 pour l&rsquo;euthanasie, en Belgique, \u00ab\u00a0seul moyen de disparaitre dignement\u00a0\u00bb.&nbsp;Elle s\u2019en explique ci-apr\u00e8s. \u00ab&nbsp;Je me suis pos\u00e9 la question&nbsp;: mon geste est-il une trahison \u00e0 l\u2019\u00e9gard de ceux que j\u2019aime et qui m\u2019aiment&nbsp;? Pour moi, cela repr\u00e9sente [&hellip;]<\/p>\n","protected":false},"author":1,"featured_media":0,"comment_status":"closed","ping_status":"open","sticky":false,"template":"","format":"standard","meta":{"_acf_changed":false,"footnotes":""},"categories":[1,78],"tags":[206,113,207,212,205,210,209,123,208],"class_list":["post-8506","post","type-post","status-publish","format-standard","hentry","category-news","category-stephane-hessel","tag-belgique","tag-christiane-hessel","tag-deces","tag-dignite","tag-euthanasie","tag-fin-de-vie","tag-mort","tag-stephane-hessel-2","tag-vie"],"acf":[],"_links":{"self":[{"href":"https:\/\/vivelaterre.com\/livres2026\/wp-json\/wp\/v2\/posts\/8506","targetHints":{"allow":["GET"]}}],"collection":[{"href":"https:\/\/vivelaterre.com\/livres2026\/wp-json\/wp\/v2\/posts"}],"about":[{"href":"https:\/\/vivelaterre.com\/livres2026\/wp-json\/wp\/v2\/types\/post"}],"author":[{"embeddable":true,"href":"https:\/\/vivelaterre.com\/livres2026\/wp-json\/wp\/v2\/users\/1"}],"replies":[{"embeddable":true,"href":"https:\/\/vivelaterre.com\/livres2026\/wp-json\/wp\/v2\/comments?post=8506"}],"version-history":[{"count":2,"href":"https:\/\/vivelaterre.com\/livres2026\/wp-json\/wp\/v2\/posts\/8506\/revisions"}],"predecessor-version":[{"id":8508,"href":"https:\/\/vivelaterre.com\/livres2026\/wp-json\/wp\/v2\/posts\/8506\/revisions\/8508"}],"wp:attachment":[{"href":"https:\/\/vivelaterre.com\/livres2026\/wp-json\/wp\/v2\/media?parent=8506"}],"wp:term":[{"taxonomy":"category","embeddable":true,"href":"https:\/\/vivelaterre.com\/livres2026\/wp-json\/wp\/v2\/categories?post=8506"},{"taxonomy":"post_tag","embeddable":true,"href":"https:\/\/vivelaterre.com\/livres2026\/wp-json\/wp\/v2\/tags?post=8506"}],"curies":[{"name":"wp","href":"https:\/\/api.w.org\/{rel}","templated":true}]}}