{"id":87,"date":"2013-10-25T03:04:02","date_gmt":"2013-10-25T01:04:02","guid":{"rendered":"http:\/\/engagezvous.com\/site\/?p=87"},"modified":"2013-12-29T15:04:23","modified_gmt":"2013-12-29T14:04:23","slug":"salon-du-livre-de-trouville-sur-mer-normandie","status":"publish","type":"post","link":"https:\/\/vivelaterre.com\/livres2026\/2013\/10\/salon-du-livre-de-trouville-sur-mer-normandie\/","title":{"rendered":"Salon du livre de Trouville-sur-Mer (Normandie) 2013"},"content":{"rendered":"<p><span style=\"font-family: Calibri; font-size: small;\"><b>Salon du livre de Trouville-sur-Mer (Normandie) &#8211; Samedi 2 novembre 2013 &#8211; 14h \u00e0 18h30<\/b><br \/>\nChristiane Hessel et Gilles Vanderpooten d\u00e9dicacent \u00ab\u00a0St\u00e9phane Hessel, irr\u00e9sistible optimiste\u00a0\u00bb, ainsi que \u00ab\u00a0I have a dream, un nouveau monde se dessine. Martin Luther King 50 ans apr\u00e8s\u00a0\u00bb.<br \/>\nParmi les autres invit\u00e9s au salon, \u00e9galement : Martin Hirsch, Jean-Fran\u00e7ois Kahn, Eric Fottorino, J\u00e9r\u00f4me Garcin, Florence Noiville&#8230;<br \/>\n&gt; <a href=\"http:\/\/www.trouville.fr\/medias\/telechargement\/OCT13\/catalogSALON13.pdf\"> Le programme du salon<\/a><\/span><\/p>\n<p>&nbsp;<\/p>\n","protected":false},"excerpt":{"rendered":"<p>Salon du livre de Trouville-sur-Mer (Normandie) &#8211; Samedi 2 novembre 2013 &#8211; 14h \u00e0 18h30 Christiane Hessel et Gilles Vanderpooten d\u00e9dicacent \u00ab\u00a0St\u00e9phane Hessel, irr\u00e9sistible optimiste\u00a0\u00bb, ainsi que \u00ab\u00a0I have a dream, un nouveau monde se dessine. Martin Luther King 50 ans apr\u00e8s\u00a0\u00bb. Parmi les autres invit\u00e9s au salon, \u00e9galement : Martin Hirsch, Jean-Fran\u00e7ois Kahn, Eric [&hellip;]<\/p>\n","protected":false},"author":1,"featured_media":7333,"comment_status":"open","ping_status":"open","sticky":false,"template":"","format":"standard","meta":{"_acf_changed":false,"footnotes":""},"categories":[75],"tags":[],"class_list":["post-87","post","type-post","status-publish","format-standard","has-post-thumbnail","hentry","category-rendez-vous"],"acf":[],"_links":{"self":[{"href":"https:\/\/vivelaterre.com\/livres2026\/wp-json\/wp\/v2\/posts\/87","targetHints":{"allow":["GET"]}}],"collection":[{"href":"https:\/\/vivelaterre.com\/livres2026\/wp-json\/wp\/v2\/posts"}],"about":[{"href":"https:\/\/vivelaterre.com\/livres2026\/wp-json\/wp\/v2\/types\/post"}],"author":[{"embeddable":true,"href":"https:\/\/vivelaterre.com\/livres2026\/wp-json\/wp\/v2\/users\/1"}],"replies":[{"embeddable":true,"href":"https:\/\/vivelaterre.com\/livres2026\/wp-json\/wp\/v2\/comments?post=87"}],"version-history":[{"count":1,"href":"https:\/\/vivelaterre.com\/livres2026\/wp-json\/wp\/v2\/posts\/87\/revisions"}],"predecessor-version":[{"id":7304,"href":"https:\/\/vivelaterre.com\/livres2026\/wp-json\/wp\/v2\/posts\/87\/revisions\/7304"}],"wp:featuredmedia":[{"embeddable":true,"href":"https:\/\/vivelaterre.com\/livres2026\/wp-json\/wp\/v2\/media\/7333"}],"wp:attachment":[{"href":"https:\/\/vivelaterre.com\/livres2026\/wp-json\/wp\/v2\/media?parent=87"}],"wp:term":[{"taxonomy":"category","embeddable":true,"href":"https:\/\/vivelaterre.com\/livres2026\/wp-json\/wp\/v2\/categories?post=87"},{"taxonomy":"post_tag","embeddable":true,"href":"https:\/\/vivelaterre.com\/livres2026\/wp-json\/wp\/v2\/tags?post=87"}],"curies":[{"name":"wp","href":"https:\/\/api.w.org\/{rel}","templated":true}]}}