{"id":93,"date":"2013-05-10T03:07:53","date_gmt":"2013-05-10T01:07:53","guid":{"rendered":"http:\/\/engagezvous.com\/site\/?p=93"},"modified":"2014-03-07T01:14:41","modified_gmt":"2014-03-07T00:14:41","slug":"plateau-des-glieres","status":"publish","type":"post","link":"https:\/\/vivelaterre.com\/livres2026\/2013\/05\/plateau-des-glieres\/","title":{"rendered":"Rassemblement au plateau des Gli\u00e8res \u00ab\u00a0Citoyens r\u00e9sistants d&rsquo;hier et d&rsquo;aujourd&rsquo;hui\u00a0\u00bb"},"content":{"rendered":"<p>Le 19 mai 2013, Christiane Hessel et Gilles Vanderpooten se sont rendus au Plateau des Gli\u00e8res \u00e0 l&rsquo;occasion du rassemblement \u00ab\u00a0Paroles de R\u00e9sistance\u00a0\u00bb. Ils ont rendu hommage \u00e0 St\u00e9phane Hessel. A l&rsquo;invitation de l&rsquo;association des <a href=\"http:\/\/www.citoyens-resistants.fr\/\">Citoyens R\u00e9sistants d&rsquo;hier et d&rsquo;aujourd&rsquo;hui.<\/a><\/p>\n<p><a href=\"http:\/\/engagezvous.com\/site\/wp-content\/uploads\/2013\/05\/Plateau-des-gli\u00e8res-Christiane-Gilles-mai-2013-2.jpg\"><img fetchpriority=\"high\" decoding=\"async\" class=\"size-large wp-image-96\" alt=\"Gilles Vanderpooten et Christiane Hessel rendent hommage \u00e0 St\u00e9phane Hessel, en ce lieu symbolique de la R\u00e9sistance, le Plateau des Gli\u00e8res.\" src=\"http:\/\/engagezvous.com\/site\/wp-content\/uploads\/2013\/05\/Plateau-des-gli\u00e8res-Christiane-Gilles-mai-2013-2-682x1024.jpg\" width=\"630\" height=\"945\" \/><\/a><\/p>\n<dl class=\"wp-caption alignnone\" id=\"attachment_96\" style=\"width: 640px;\">\n<dd class=\"wp-caption-dd\">Gilles Vanderpooten et Christiane Hessel rendent hommage \u00e0 St\u00e9phane Hessel, en ce lieu symbolique de la R\u00e9sistance, le Plateau des Gli\u00e8res.<\/dd>\n<\/dl>\n<p>&nbsp;<\/p>\n<div id=\"attachment_95\" style=\"width: 640px\" class=\"wp-caption alignnone\"><a href=\"http:\/\/engagezvous.com\/site\/wp-content\/uploads\/2013\/05\/Plateau-des-gli\u00e8res-Christiane-Gilles-mai-2013.jpg\"><img decoding=\"async\" aria-describedby=\"caption-attachment-95\" class=\"size-large wp-image-95\" alt=\"Christiane Hessel au Plateau des Gli\u00e8res, mai 2013\" src=\"http:\/\/engagezvous.com\/site\/wp-content\/uploads\/2013\/05\/Plateau-des-gli\u00e8res-Christiane-Gilles-mai-2013-1024x682.jpg\" width=\"630\" height=\"419\" \/><\/a><p id=\"caption-attachment-95\" class=\"wp-caption-text\">Christiane Hessel au Plateau des Gli\u00e8res, mai 2013<\/p><\/div>\n","protected":false},"excerpt":{"rendered":"<p>Le 19 mai 2013, Christiane Hessel et Gilles Vanderpooten se sont rendus au Plateau des Gli\u00e8res \u00e0 l&rsquo;occasion du rassemblement \u00ab\u00a0Paroles de R\u00e9sistance\u00a0\u00bb. Ils ont rendu hommage \u00e0 St\u00e9phane Hessel. A l&rsquo;invitation de l&rsquo;association des Citoyens R\u00e9sistants d&rsquo;hier et d&rsquo;aujourd&rsquo;hui. Gilles Vanderpooten et Christiane Hessel rendent hommage \u00e0 St\u00e9phane Hessel, en ce lieu symbolique de [&hellip;]<\/p>\n","protected":false},"author":1,"featured_media":7343,"comment_status":"open","ping_status":"open","sticky":false,"template":"","format":"standard","meta":{"_acf_changed":false,"footnotes":""},"categories":[75,78],"tags":[],"class_list":["post-93","post","type-post","status-publish","format-standard","has-post-thumbnail","hentry","category-rendez-vous","category-stephane-hessel"],"acf":[],"_links":{"self":[{"href":"https:\/\/vivelaterre.com\/livres2026\/wp-json\/wp\/v2\/posts\/93","targetHints":{"allow":["GET"]}}],"collection":[{"href":"https:\/\/vivelaterre.com\/livres2026\/wp-json\/wp\/v2\/posts"}],"about":[{"href":"https:\/\/vivelaterre.com\/livres2026\/wp-json\/wp\/v2\/types\/post"}],"author":[{"embeddable":true,"href":"https:\/\/vivelaterre.com\/livres2026\/wp-json\/wp\/v2\/users\/1"}],"replies":[{"embeddable":true,"href":"https:\/\/vivelaterre.com\/livres2026\/wp-json\/wp\/v2\/comments?post=93"}],"version-history":[{"count":4,"href":"https:\/\/vivelaterre.com\/livres2026\/wp-json\/wp\/v2\/posts\/93\/revisions"}],"predecessor-version":[{"id":7857,"href":"https:\/\/vivelaterre.com\/livres2026\/wp-json\/wp\/v2\/posts\/93\/revisions\/7857"}],"wp:featuredmedia":[{"embeddable":true,"href":"https:\/\/vivelaterre.com\/livres2026\/wp-json\/wp\/v2\/media\/7343"}],"wp:attachment":[{"href":"https:\/\/vivelaterre.com\/livres2026\/wp-json\/wp\/v2\/media?parent=93"}],"wp:term":[{"taxonomy":"category","embeddable":true,"href":"https:\/\/vivelaterre.com\/livres2026\/wp-json\/wp\/v2\/categories?post=93"},{"taxonomy":"post_tag","embeddable":true,"href":"https:\/\/vivelaterre.com\/livres2026\/wp-json\/wp\/v2\/tags?post=93"}],"curies":[{"name":"wp","href":"https:\/\/api.w.org\/{rel}","templated":true}]}}